{"id":2723,"date":"2025-07-28T13:30:55","date_gmt":"2025-07-28T13:30:55","guid":{"rendered":"https:\/\/thesustainabilityofsandaniele.eu\/couscous-mit-geroesteten-kirschtomaten-und-san-daniele-schinken\/"},"modified":"2025-09-03T12:07:22","modified_gmt":"2025-09-03T12:07:22","slug":"couscous-mit-geroesteten-kirschtomaten-und-san-daniele-schinken","status":"publish","type":"post","link":"https:\/\/thesustainabilityofsandaniele.eu\/de\/couscous-mit-geroesteten-kirschtomaten-und-san-daniele-schinken\/","title":{"rendered":"Couscous mit ger\u00f6steten kirschtomaten und San Daniele Schinken"},"content":{"rendered":"\n<div class=\"wp-block-group has-background is-layout-flow wp-block-group-is-layout-flow\" style=\"background-color:#b9c9d2;padding-right:0;padding-left:0\">\n<figure class=\"wp-block-image aligncenter size-full\"><img loading=\"lazy\" decoding=\"async\" width=\"2048\" height=\"1365\" src=\"https:\/\/thesustainabilityofsandaniele.eu\/wp-content\/uploads\/2025\/07\/30-cous-cous-con-pomodorini-arrostiti-e-Prosciutto-di-San-Daniele-2048x1365-1.jpg\" alt=\"Couscous-Gericht mit ger&#xF6;steten Kirschtomaten und San Daniele-Schinken\" class=\"wp-image-1636\" srcset=\"https:\/\/thesustainabilityofsandaniele.eu\/wp-content\/uploads\/2025\/07\/30-cous-cous-con-pomodorini-arrostiti-e-Prosciutto-di-San-Daniele-2048x1365-1.jpg 2048w, https:\/\/thesustainabilityofsandaniele.eu\/wp-content\/uploads\/2025\/07\/30-cous-cous-con-pomodorini-arrostiti-e-Prosciutto-di-San-Daniele-2048x1365-1-300x200.jpg 300w, https:\/\/thesustainabilityofsandaniele.eu\/wp-content\/uploads\/2025\/07\/30-cous-cous-con-pomodorini-arrostiti-e-Prosciutto-di-San-Daniele-2048x1365-1-1024x683.jpg 1024w, https:\/\/thesustainabilityofsandaniele.eu\/wp-content\/uploads\/2025\/07\/30-cous-cous-con-pomodorini-arrostiti-e-Prosciutto-di-San-Daniele-2048x1365-1-768x512.jpg 768w, https:\/\/thesustainabilityofsandaniele.eu\/wp-content\/uploads\/2025\/07\/30-cous-cous-con-pomodorini-arrostiti-e-Prosciutto-di-San-Daniele-2048x1365-1-1536x1024.jpg 1536w\" sizes=\"auto, (max-width: 2048px) 100vw, 2048px\" \/><\/figure>\n\n\n\n<div class=\"wp-block-columns interno-ricetta is-layout-flex wp-container-core-columns-is-layout-5efb3bb6 wp-block-columns-is-layout-flex\" style=\"margin-top:var(--wp--preset--spacing--40);padding-right:var(--wp--preset--spacing--40);padding-left:var(--wp--preset--spacing--40)\">\n<div class=\"wp-block-column is-layout-flow wp-block-column-is-layout-flow\">\n<div class=\"wp-block-group is-vertical is-nowrap is-layout-flex wp-container-core-group-is-layout-db4b52a5 wp-block-group-is-layout-flex\" style=\"margin-bottom:var(--wp--preset--spacing--30)\">\n<div class=\"wp-block-group is-nowrap is-layout-flex wp-container-core-group-is-layout-f1189ed3 wp-block-group-is-layout-flex\">\n<h4 class=\"wp-block-heading preparazione has-roboto-font-family\" style=\"text-transform:uppercase\">Vorbereitungszeit:<\/h4>\n\n\n\n<p>20 Min.<\/p>\n<\/div>\n\n\n\n<div class=\"wp-block-group is-nowrap is-layout-flex wp-container-core-group-is-layout-f1189ed3 wp-block-group-is-layout-flex\">\n<h4 class=\"wp-block-heading cottura has-roboto-font-family\" style=\"text-transform:uppercase\">Zubereitungszeit:<\/h4>\n\n\n\n<p>50 Min.<\/p>\n<\/div>\n\n\n\n<div class=\"wp-block-group is-nowrap is-layout-flex wp-container-core-group-is-layout-f1189ed3 wp-block-group-is-layout-flex\">\n<h4 class=\"wp-block-heading tempo has-roboto-font-family\" style=\"text-transform:uppercase\">Gesamtzeit:<\/h4>\n\n\n\n<p>1 Std. 10 Min<\/p>\n<\/div>\n\n\n\n<div class=\"wp-block-group is-nowrap is-layout-flex wp-container-core-group-is-layout-f1189ed3 wp-block-group-is-layout-flex\">\n<h4 class=\"wp-block-heading portata has-roboto-font-family\" style=\"text-transform:uppercase\">Gericht:<\/h4>\n\n\n\n<p>Mahlzeit<\/p>\n<\/div>\n\n\n\n<div class=\"wp-block-group is-nowrap is-layout-flex wp-container-core-group-is-layout-f1189ed3 wp-block-group-is-layout-flex\">\n<h4 class=\"wp-block-heading porzioni has-roboto-font-family\" style=\"text-transform:uppercase\">Portionen:<\/h4>\n\n\n\n<p>4 Personen<\/p>\n<\/div>\n<\/div>\n\n\n\n<div class=\"wp-block-group is-vertical is-nowrap is-layout-flex wp-container-core-group-is-layout-73e93e8e wp-block-group-is-layout-flex\" style=\"margin-top:var(--wp--preset--spacing--30)\">\n<h3 class=\"wp-block-heading slash-titoli has-roboto-font-family\" style=\"margin-top:var(--wp--preset--spacing--20);margin-bottom:var(--wp--preset--spacing--20);text-transform:uppercase\">Zutaten<\/h3>\n\n\n\n<ul class=\"wp-block-list\">\n<li>200 g Datteltomaten<\/li>\n\n\n\n<li>Salz Pfeffer, \u00d6l<\/li>\n\n\n\n<li>frischer Basilikum<\/li>\n\n\n\n<li>240 g Couscous<\/li>\n\n\n\n<li>100 g Taggiasca-Oliven<\/li>\n\n\n\n<li>200 g Joghurt-Sauce<\/li>\n\n\n\n<li>frische Petersilie<\/li>\n\n\n\n<li>Zitrone<\/li>\n\n\n\n<li>eine halbe Zitrone + geriebene Schale f\u00fcr die Dekoration<\/li>\n\n\n\n<li>200 g Scheiben San Daniele Schinken<\/li>\n<\/ul>\n<\/div>\n<\/div>\n\n\n\n<div class=\"wp-block-column is-layout-flow wp-block-column-is-layout-flow\">\n<h3 class=\"wp-block-heading slash-titoli has-roboto-font-family\" style=\"margin-top:var(--wp--preset--spacing--20);margin-bottom:var(--wp--preset--spacing--20);text-transform:uppercase\">Anleitungen<\/h3>\n\n\n\n<ol class=\"wp-block-list\">\n<li>Die alten Datteltomaten mit Salz, \u00d6l, Pfeffer und etwas frischem Basilikum in eine Auflaufform geben.<\/li>\n\n\n\n<li>Bei 180\u00b0 Ober-\/Unterhitze im vorgeheizten Ofen ca. 50 Minuten lang backen, ohne sie zu zerdr\u00fccken, dabei alle 20 Minuten wenden.<\/li>\n\n\n\n<li>In der Zwischenzeit den Couscous mit der auf der Packung angegebenen Menge an Wasser und \u00d6l gar kochen.<\/li>\n\n\n\n<li>In einer kleinen Sch\u00fcssel den Joghurt mit etwas gehackter Petersilie, Salz, Pfeffer und \u00d6l verr\u00fchren.<\/li>\n\n\n\n<li>F\u00fcr eine geschmeidigere Konsistenz ein wenig Wasser hinzuf\u00fcgen.<\/li>\n\n\n\n<li>Dann den Couscous mit den Kirschtomaten, den Oliven, dem Schinken und schlie\u00dflich mit der Joghurtsauce, der Petersilie und der geriebenen Zitronenschale anrichten!<\/li>\n<\/ol>\n<\/div>\n<\/div>\n<\/div>\n","protected":false},"excerpt":{"rendered":"<p>Vorbereitungszeit: 20 Min. Zubereitungszeit: 50 Min. Gesamtzeit: 1 Std. 10 Min Gericht: Mahlzeit Portionen: 4 Personen Zutaten Anleitungen<\/p>\n","protected":false},"author":2,"featured_media":1638,"comment_status":"closed","ping_status":"closed","sticky":false,"template":"wp-custom-template-ricetta","format":"standard","meta":{"footnotes":""},"categories":[24],"tags":[],"class_list":["post-2723","post","type-post","status-publish","format-standard","has-post-thumbnail","hentry","category-nachhaltige-rezepte"],"yoast_head":"<!-- This site is optimized with the Yoast SEO plugin v27.2 - https:\/\/yoast.com\/product\/yoast-seo-wordpress\/ -->\n<title>Couscous mit ger\u00f6steten kirschtomaten und San Daniele Schinken - La Sostenibilit\u00e0 di San Daniele<\/title>\n<meta name=\"description\" content=\"Einfaches Rezept zur Zubereitung von Couscous mit ger\u00f6steten kirschtomaten und San Daniele Schinken\" \/>\n<meta name=\"robots\" content=\"index, follow, max-snippet:-1, max-image-preview:large, max-video-preview:-1\" \/>\n<link rel=\"canonical\" href=\"https:\/\/thesustainabilityofsandaniele.eu\/de\/couscous-mit-geroesteten-kirschtomaten-und-san-daniele-schinken\/\" \/>\n<meta property=\"og:locale\" content=\"de_DE\" \/>\n<meta property=\"og:type\" content=\"article\" \/>\n<meta property=\"og:title\" content=\"Rezept von Couscous mit ger\u00f6steten kirschtomaten und San Daniele Schinken\" \/>\n<meta property=\"og:description\" content=\"Einfaches Rezept zur Zubereitung von Couscous mit ger\u00f6steten kirschtomaten und San Daniele Schinken\" \/>\n<meta property=\"og:url\" content=\"https:\/\/thesustainabilityofsandaniele.eu\/de\/couscous-mit-geroesteten-kirschtomaten-und-san-daniele-schinken\/\" \/>\n<meta property=\"og:site_name\" content=\"La Sostenibilit\u00e0 di San Daniele\" \/>\n<meta property=\"article:publisher\" content=\"https:\/\/www.facebook.com\/sandanieledop\/\" \/>\n<meta property=\"article:published_time\" content=\"2025-07-28T13:30:55+00:00\" \/>\n<meta property=\"article:modified_time\" content=\"2025-09-03T12:07:22+00:00\" \/>\n<meta property=\"og:image\" content=\"https:\/\/thesustainabilityofsandaniele.eu\/wp-content\/uploads\/2025\/07\/30-cous-cous-con-pomodorini-arrostiti-e-Prosciutto-di-San-Daniele-2048x1365-1-1024x683.jpg\" \/>\n<meta name=\"author\" content=\"AB Comunicazioni\" \/>\n<meta name=\"twitter:card\" content=\"summary_large_image\" \/>\n<meta name=\"twitter:title\" content=\"Rezept von Couscous mit ger\u00f6steten kirschtomaten und San Daniele Schinken\" \/>\n<meta name=\"twitter:description\" content=\"Einfaches Rezept zur Zubereitung von Couscous mit ger\u00f6steten kirschtomaten und San Daniele Schinken\" \/>\n<meta name=\"twitter:image\" content=\"https:\/\/thesustainabilityofsandaniele.eu\/wp-content\/uploads\/2025\/07\/30-cous-cous-con-pomodorini-arrostiti-e-Prosciutto-di-San-Daniele-2048x1365-1-1024x683.jpg\" \/>\n<meta name=\"twitter:creator\" content=\"@sandanieledop\" \/>\n<meta name=\"twitter:site\" content=\"@sandanieledop\" \/>\n<meta name=\"twitter:label1\" content=\"Verfasst von\" \/>\n\t<meta name=\"twitter:data1\" content=\"AB Comunicazioni\" \/>\n\t<meta name=\"twitter:label2\" content=\"Gesch\u00e4tzte Lesezeit\" \/>\n\t<meta name=\"twitter:data2\" content=\"1\u00a0Minute\" \/>\n<script type=\"application\/ld+json\" class=\"yoast-schema-graph\">{\"@context\":\"https:\/\/schema.org\",\"@graph\":[{\"@type\":\"Article\",\"@id\":\"https:\/\/thesustainabilityofsandaniele.eu\/de\/couscous-mit-geroesteten-kirschtomaten-und-san-daniele-schinken\/#article\",\"isPartOf\":{\"@id\":\"https:\/\/thesustainabilityofsandaniele.eu\/de\/couscous-mit-geroesteten-kirschtomaten-und-san-daniele-schinken\/\"},\"author\":{\"name\":\"AB Comunicazioni\",\"@id\":\"https:\/\/thesustainabilityofsandaniele.eu\/de\/#\/schema\/person\/a5f09d9b3fde3c2265bd34b79c417b20\"},\"headline\":\"Couscous mit ger\u00f6steten kirschtomaten und San Daniele Schinken\",\"datePublished\":\"2025-07-28T13:30:55+00:00\",\"dateModified\":\"2025-09-03T12:07:22+00:00\",\"mainEntityOfPage\":{\"@id\":\"https:\/\/thesustainabilityofsandaniele.eu\/de\/couscous-mit-geroesteten-kirschtomaten-und-san-daniele-schinken\/\"},\"wordCount\":154,\"publisher\":{\"@id\":\"https:\/\/thesustainabilityofsandaniele.eu\/de\/#organization\"},\"image\":{\"@id\":\"https:\/\/thesustainabilityofsandaniele.eu\/de\/couscous-mit-geroesteten-kirschtomaten-und-san-daniele-schinken\/#primaryimage\"},\"thumbnailUrl\":\"https:\/\/thesustainabilityofsandaniele.eu\/wp-content\/uploads\/2025\/07\/30-cous-cous-con-pomodorini-arrostiti-e-Prosciutto-di-San-Daniele-2048x1365-1.jpg\",\"articleSection\":[\"Nachhaltige Rezepte\"],\"inLanguage\":\"de\"},{\"@type\":\"WebPage\",\"@id\":\"https:\/\/thesustainabilityofsandaniele.eu\/de\/couscous-mit-geroesteten-kirschtomaten-und-san-daniele-schinken\/\",\"url\":\"https:\/\/thesustainabilityofsandaniele.eu\/de\/couscous-mit-geroesteten-kirschtomaten-und-san-daniele-schinken\/\",\"name\":\"Couscous mit ger\u00f6steten kirschtomaten und San Daniele Schinken - La Sostenibilit\u00e0 di San Daniele\",\"isPartOf\":{\"@id\":\"https:\/\/thesustainabilityofsandaniele.eu\/de\/#website\"},\"primaryImageOfPage\":{\"@id\":\"https:\/\/thesustainabilityofsandaniele.eu\/de\/couscous-mit-geroesteten-kirschtomaten-und-san-daniele-schinken\/#primaryimage\"},\"image\":{\"@id\":\"https:\/\/thesustainabilityofsandaniele.eu\/de\/couscous-mit-geroesteten-kirschtomaten-und-san-daniele-schinken\/#primaryimage\"},\"thumbnailUrl\":\"https:\/\/thesustainabilityofsandaniele.eu\/wp-content\/uploads\/2025\/07\/30-cous-cous-con-pomodorini-arrostiti-e-Prosciutto-di-San-Daniele-2048x1365-1.jpg\",\"datePublished\":\"2025-07-28T13:30:55+00:00\",\"dateModified\":\"2025-09-03T12:07:22+00:00\",\"description\":\"Einfaches Rezept zur Zubereitung von Couscous mit ger\u00f6steten kirschtomaten und San Daniele Schinken\",\"breadcrumb\":{\"@id\":\"https:\/\/thesustainabilityofsandaniele.eu\/de\/couscous-mit-geroesteten-kirschtomaten-und-san-daniele-schinken\/#breadcrumb\"},\"inLanguage\":\"de\",\"potentialAction\":[{\"@type\":\"ReadAction\",\"target\":[\"https:\/\/thesustainabilityofsandaniele.eu\/de\/couscous-mit-geroesteten-kirschtomaten-und-san-daniele-schinken\/\"]}]},{\"@type\":\"ImageObject\",\"inLanguage\":\"de\",\"@id\":\"https:\/\/thesustainabilityofsandaniele.eu\/de\/couscous-mit-geroesteten-kirschtomaten-und-san-daniele-schinken\/#primaryimage\",\"url\":\"https:\/\/thesustainabilityofsandaniele.eu\/wp-content\/uploads\/2025\/07\/30-cous-cous-con-pomodorini-arrostiti-e-Prosciutto-di-San-Daniele-2048x1365-1.jpg\",\"contentUrl\":\"https:\/\/thesustainabilityofsandaniele.eu\/wp-content\/uploads\/2025\/07\/30-cous-cous-con-pomodorini-arrostiti-e-Prosciutto-di-San-Daniele-2048x1365-1.jpg\",\"width\":2048,\"height\":1365,\"caption\":\"cous cous con pomodorini arrostiti e Prosciutto di San Daniele\"},{\"@type\":\"BreadcrumbList\",\"@id\":\"https:\/\/thesustainabilityofsandaniele.eu\/de\/couscous-mit-geroesteten-kirschtomaten-und-san-daniele-schinken\/#breadcrumb\",\"itemListElement\":[{\"@type\":\"ListItem\",\"position\":1,\"name\":\"Home\",\"item\":\"https:\/\/thesustainabilityofsandaniele.eu\/de\/\"},{\"@type\":\"ListItem\",\"position\":2,\"name\":\"Nachhaltige Rezepte\",\"item\":\"https:\/\/thesustainabilityofsandaniele.eu\/de\/category\/nachhaltige-rezepte\/\"},{\"@type\":\"ListItem\",\"position\":3,\"name\":\"Couscous mit ger\u00f6steten kirschtomaten und San Daniele Schinken\"}]},{\"@type\":\"WebSite\",\"@id\":\"https:\/\/thesustainabilityofsandaniele.eu\/de\/#website\",\"url\":\"https:\/\/thesustainabilityofsandaniele.eu\/de\/\",\"name\":\"La Sostenibilit\u00e0 di San Daniele\",\"description\":\"\",\"publisher\":{\"@id\":\"https:\/\/thesustainabilityofsandaniele.eu\/de\/#organization\"},\"potentialAction\":[{\"@type\":\"SearchAction\",\"target\":{\"@type\":\"EntryPoint\",\"urlTemplate\":\"https:\/\/thesustainabilityofsandaniele.eu\/de\/?s={search_term_string}\"},\"query-input\":{\"@type\":\"PropertyValueSpecification\",\"valueRequired\":true,\"valueName\":\"search_term_string\"}}],\"inLanguage\":\"de\"},{\"@type\":\"Organization\",\"@id\":\"https:\/\/thesustainabilityofsandaniele.eu\/de\/#organization\",\"name\":\"Consorzio del Prosciutto di San Daniele\",\"url\":\"https:\/\/thesustainabilityofsandaniele.eu\/de\/\",\"logo\":{\"@type\":\"ImageObject\",\"inLanguage\":\"de\",\"@id\":\"https:\/\/thesustainabilityofsandaniele.eu\/de\/#\/schema\/logo\/image\/\",\"url\":\"https:\/\/thesustainabilityofsandaniele.eu\/wp-content\/uploads\/2025\/08\/anteprima.jpg\",\"contentUrl\":\"https:\/\/thesustainabilityofsandaniele.eu\/wp-content\/uploads\/2025\/08\/anteprima.jpg\",\"width\":1080,\"height\":750,\"caption\":\"Consorzio del Prosciutto di San Daniele\"},\"image\":{\"@id\":\"https:\/\/thesustainabilityofsandaniele.eu\/de\/#\/schema\/logo\/image\/\"},\"sameAs\":[\"https:\/\/www.facebook.com\/sandanieledop\/\",\"https:\/\/x.com\/sandanieledop\",\"https:\/\/www.instagram.com\/sandanieledop\/?hl=it\",\"https:\/\/www.youtube.com\/channel\/UCUoQfeObzgINJW4UgiLVPPA\",\"https:\/\/it.pinterest.com\/sandanieledop\/\"]},{\"@type\":\"Person\",\"@id\":\"https:\/\/thesustainabilityofsandaniele.eu\/de\/#\/schema\/person\/a5f09d9b3fde3c2265bd34b79c417b20\",\"name\":\"AB Comunicazioni\",\"image\":{\"@type\":\"ImageObject\",\"inLanguage\":\"de\",\"@id\":\"https:\/\/secure.gravatar.com\/avatar\/5dd8e47191c203bd178e67a2719240e71dcf7c36b23df455226b0431a835088c?s=96&d=mm&r=g\",\"url\":\"https:\/\/secure.gravatar.com\/avatar\/5dd8e47191c203bd178e67a2719240e71dcf7c36b23df455226b0431a835088c?s=96&d=mm&r=g\",\"contentUrl\":\"https:\/\/secure.gravatar.com\/avatar\/5dd8e47191c203bd178e67a2719240e71dcf7c36b23df455226b0431a835088c?s=96&d=mm&r=g\",\"caption\":\"AB Comunicazioni\"},\"url\":\"https:\/\/thesustainabilityofsandaniele.eu\/de\/author\/ab-comunicazioni\/\"}]}<\/script>\n<!-- \/ Yoast SEO plugin. -->","yoast_head_json":{"title":"Couscous mit ger\u00f6steten kirschtomaten und San Daniele Schinken - La Sostenibilit\u00e0 di San Daniele","description":"Einfaches Rezept zur Zubereitung von Couscous mit ger\u00f6steten kirschtomaten und San Daniele Schinken","robots":{"index":"index","follow":"follow","max-snippet":"max-snippet:-1","max-image-preview":"max-image-preview:large","max-video-preview":"max-video-preview:-1"},"canonical":"https:\/\/thesustainabilityofsandaniele.eu\/de\/couscous-mit-geroesteten-kirschtomaten-und-san-daniele-schinken\/","og_locale":"de_DE","og_type":"article","og_title":"Rezept von Couscous mit ger\u00f6steten kirschtomaten und San Daniele Schinken","og_description":"Einfaches Rezept zur Zubereitung von Couscous mit ger\u00f6steten kirschtomaten und San Daniele Schinken","og_url":"https:\/\/thesustainabilityofsandaniele.eu\/de\/couscous-mit-geroesteten-kirschtomaten-und-san-daniele-schinken\/","og_site_name":"La Sostenibilit\u00e0 di San Daniele","article_publisher":"https:\/\/www.facebook.com\/sandanieledop\/","article_published_time":"2025-07-28T13:30:55+00:00","article_modified_time":"2025-09-03T12:07:22+00:00","og_image":[{"url":"https:\/\/thesustainabilityofsandaniele.eu\/wp-content\/uploads\/2025\/07\/30-cous-cous-con-pomodorini-arrostiti-e-Prosciutto-di-San-Daniele-2048x1365-1-1024x683.jpg","type":"","width":"","height":""}],"author":"AB Comunicazioni","twitter_card":"summary_large_image","twitter_title":"Rezept von Couscous mit ger\u00f6steten kirschtomaten und San Daniele Schinken","twitter_description":"Einfaches Rezept zur Zubereitung von Couscous mit ger\u00f6steten kirschtomaten und San Daniele Schinken","twitter_image":"https:\/\/thesustainabilityofsandaniele.eu\/wp-content\/uploads\/2025\/07\/30-cous-cous-con-pomodorini-arrostiti-e-Prosciutto-di-San-Daniele-2048x1365-1-1024x683.jpg","twitter_creator":"@sandanieledop","twitter_site":"@sandanieledop","twitter_misc":{"Verfasst von":"AB Comunicazioni","Gesch\u00e4tzte Lesezeit":"1\u00a0Minute"},"schema":{"@context":"https:\/\/schema.org","@graph":[{"@type":"Article","@id":"https:\/\/thesustainabilityofsandaniele.eu\/de\/couscous-mit-geroesteten-kirschtomaten-und-san-daniele-schinken\/#article","isPartOf":{"@id":"https:\/\/thesustainabilityofsandaniele.eu\/de\/couscous-mit-geroesteten-kirschtomaten-und-san-daniele-schinken\/"},"author":{"name":"AB Comunicazioni","@id":"https:\/\/thesustainabilityofsandaniele.eu\/de\/#\/schema\/person\/a5f09d9b3fde3c2265bd34b79c417b20"},"headline":"Couscous mit ger\u00f6steten kirschtomaten und San Daniele Schinken","datePublished":"2025-07-28T13:30:55+00:00","dateModified":"2025-09-03T12:07:22+00:00","mainEntityOfPage":{"@id":"https:\/\/thesustainabilityofsandaniele.eu\/de\/couscous-mit-geroesteten-kirschtomaten-und-san-daniele-schinken\/"},"wordCount":154,"publisher":{"@id":"https:\/\/thesustainabilityofsandaniele.eu\/de\/#organization"},"image":{"@id":"https:\/\/thesustainabilityofsandaniele.eu\/de\/couscous-mit-geroesteten-kirschtomaten-und-san-daniele-schinken\/#primaryimage"},"thumbnailUrl":"https:\/\/thesustainabilityofsandaniele.eu\/wp-content\/uploads\/2025\/07\/30-cous-cous-con-pomodorini-arrostiti-e-Prosciutto-di-San-Daniele-2048x1365-1.jpg","articleSection":["Nachhaltige Rezepte"],"inLanguage":"de"},{"@type":"WebPage","@id":"https:\/\/thesustainabilityofsandaniele.eu\/de\/couscous-mit-geroesteten-kirschtomaten-und-san-daniele-schinken\/","url":"https:\/\/thesustainabilityofsandaniele.eu\/de\/couscous-mit-geroesteten-kirschtomaten-und-san-daniele-schinken\/","name":"Couscous mit ger\u00f6steten kirschtomaten und San Daniele Schinken - La Sostenibilit\u00e0 di San Daniele","isPartOf":{"@id":"https:\/\/thesustainabilityofsandaniele.eu\/de\/#website"},"primaryImageOfPage":{"@id":"https:\/\/thesustainabilityofsandaniele.eu\/de\/couscous-mit-geroesteten-kirschtomaten-und-san-daniele-schinken\/#primaryimage"},"image":{"@id":"https:\/\/thesustainabilityofsandaniele.eu\/de\/couscous-mit-geroesteten-kirschtomaten-und-san-daniele-schinken\/#primaryimage"},"thumbnailUrl":"https:\/\/thesustainabilityofsandaniele.eu\/wp-content\/uploads\/2025\/07\/30-cous-cous-con-pomodorini-arrostiti-e-Prosciutto-di-San-Daniele-2048x1365-1.jpg","datePublished":"2025-07-28T13:30:55+00:00","dateModified":"2025-09-03T12:07:22+00:00","description":"Einfaches Rezept zur Zubereitung von Couscous mit ger\u00f6steten kirschtomaten und San Daniele Schinken","breadcrumb":{"@id":"https:\/\/thesustainabilityofsandaniele.eu\/de\/couscous-mit-geroesteten-kirschtomaten-und-san-daniele-schinken\/#breadcrumb"},"inLanguage":"de","potentialAction":[{"@type":"ReadAction","target":["https:\/\/thesustainabilityofsandaniele.eu\/de\/couscous-mit-geroesteten-kirschtomaten-und-san-daniele-schinken\/"]}]},{"@type":"ImageObject","inLanguage":"de","@id":"https:\/\/thesustainabilityofsandaniele.eu\/de\/couscous-mit-geroesteten-kirschtomaten-und-san-daniele-schinken\/#primaryimage","url":"https:\/\/thesustainabilityofsandaniele.eu\/wp-content\/uploads\/2025\/07\/30-cous-cous-con-pomodorini-arrostiti-e-Prosciutto-di-San-Daniele-2048x1365-1.jpg","contentUrl":"https:\/\/thesustainabilityofsandaniele.eu\/wp-content\/uploads\/2025\/07\/30-cous-cous-con-pomodorini-arrostiti-e-Prosciutto-di-San-Daniele-2048x1365-1.jpg","width":2048,"height":1365,"caption":"cous cous con pomodorini arrostiti e Prosciutto di San Daniele"},{"@type":"BreadcrumbList","@id":"https:\/\/thesustainabilityofsandaniele.eu\/de\/couscous-mit-geroesteten-kirschtomaten-und-san-daniele-schinken\/#breadcrumb","itemListElement":[{"@type":"ListItem","position":1,"name":"Home","item":"https:\/\/thesustainabilityofsandaniele.eu\/de\/"},{"@type":"ListItem","position":2,"name":"Nachhaltige Rezepte","item":"https:\/\/thesustainabilityofsandaniele.eu\/de\/category\/nachhaltige-rezepte\/"},{"@type":"ListItem","position":3,"name":"Couscous mit ger\u00f6steten kirschtomaten und San Daniele Schinken"}]},{"@type":"WebSite","@id":"https:\/\/thesustainabilityofsandaniele.eu\/de\/#website","url":"https:\/\/thesustainabilityofsandaniele.eu\/de\/","name":"La Sostenibilit\u00e0 di San Daniele","description":"","publisher":{"@id":"https:\/\/thesustainabilityofsandaniele.eu\/de\/#organization"},"potentialAction":[{"@type":"SearchAction","target":{"@type":"EntryPoint","urlTemplate":"https:\/\/thesustainabilityofsandaniele.eu\/de\/?s={search_term_string}"},"query-input":{"@type":"PropertyValueSpecification","valueRequired":true,"valueName":"search_term_string"}}],"inLanguage":"de"},{"@type":"Organization","@id":"https:\/\/thesustainabilityofsandaniele.eu\/de\/#organization","name":"Consorzio del Prosciutto di San Daniele","url":"https:\/\/thesustainabilityofsandaniele.eu\/de\/","logo":{"@type":"ImageObject","inLanguage":"de","@id":"https:\/\/thesustainabilityofsandaniele.eu\/de\/#\/schema\/logo\/image\/","url":"https:\/\/thesustainabilityofsandaniele.eu\/wp-content\/uploads\/2025\/08\/anteprima.jpg","contentUrl":"https:\/\/thesustainabilityofsandaniele.eu\/wp-content\/uploads\/2025\/08\/anteprima.jpg","width":1080,"height":750,"caption":"Consorzio del Prosciutto di San Daniele"},"image":{"@id":"https:\/\/thesustainabilityofsandaniele.eu\/de\/#\/schema\/logo\/image\/"},"sameAs":["https:\/\/www.facebook.com\/sandanieledop\/","https:\/\/x.com\/sandanieledop","https:\/\/www.instagram.com\/sandanieledop\/?hl=it","https:\/\/www.youtube.com\/channel\/UCUoQfeObzgINJW4UgiLVPPA","https:\/\/it.pinterest.com\/sandanieledop\/"]},{"@type":"Person","@id":"https:\/\/thesustainabilityofsandaniele.eu\/de\/#\/schema\/person\/a5f09d9b3fde3c2265bd34b79c417b20","name":"AB Comunicazioni","image":{"@type":"ImageObject","inLanguage":"de","@id":"https:\/\/secure.gravatar.com\/avatar\/5dd8e47191c203bd178e67a2719240e71dcf7c36b23df455226b0431a835088c?s=96&d=mm&r=g","url":"https:\/\/secure.gravatar.com\/avatar\/5dd8e47191c203bd178e67a2719240e71dcf7c36b23df455226b0431a835088c?s=96&d=mm&r=g","contentUrl":"https:\/\/secure.gravatar.com\/avatar\/5dd8e47191c203bd178e67a2719240e71dcf7c36b23df455226b0431a835088c?s=96&d=mm&r=g","caption":"AB Comunicazioni"},"url":"https:\/\/thesustainabilityofsandaniele.eu\/de\/author\/ab-comunicazioni\/"}]}},"_links":{"self":[{"href":"https:\/\/thesustainabilityofsandaniele.eu\/de\/wp-json\/wp\/v2\/posts\/2723","targetHints":{"allow":["GET"]}}],"collection":[{"href":"https:\/\/thesustainabilityofsandaniele.eu\/de\/wp-json\/wp\/v2\/posts"}],"about":[{"href":"https:\/\/thesustainabilityofsandaniele.eu\/de\/wp-json\/wp\/v2\/types\/post"}],"author":[{"embeddable":true,"href":"https:\/\/thesustainabilityofsandaniele.eu\/de\/wp-json\/wp\/v2\/users\/2"}],"replies":[{"embeddable":true,"href":"https:\/\/thesustainabilityofsandaniele.eu\/de\/wp-json\/wp\/v2\/comments?post=2723"}],"version-history":[{"count":3,"href":"https:\/\/thesustainabilityofsandaniele.eu\/de\/wp-json\/wp\/v2\/posts\/2723\/revisions"}],"predecessor-version":[{"id":2736,"href":"https:\/\/thesustainabilityofsandaniele.eu\/de\/wp-json\/wp\/v2\/posts\/2723\/revisions\/2736"}],"wp:featuredmedia":[{"embeddable":true,"href":"https:\/\/thesustainabilityofsandaniele.eu\/de\/wp-json\/wp\/v2\/media\/1638"}],"wp:attachment":[{"href":"https:\/\/thesustainabilityofsandaniele.eu\/de\/wp-json\/wp\/v2\/media?parent=2723"}],"wp:term":[{"taxonomy":"category","embeddable":true,"href":"https:\/\/thesustainabilityofsandaniele.eu\/de\/wp-json\/wp\/v2\/categories?post=2723"},{"taxonomy":"post_tag","embeddable":true,"href":"https:\/\/thesustainabilityofsandaniele.eu\/de\/wp-json\/wp\/v2\/tags?post=2723"}],"curies":[{"name":"wp","href":"https:\/\/api.w.org\/{rel}","templated":true}]}}