{"id":2662,"date":"2025-06-23T10:52:50","date_gmt":"2025-06-23T10:52:50","guid":{"rendered":"https:\/\/thesustainabilityofsandaniele.eu\/nouvelle-usine-de-recyclage-et-de-valorisation-du-sel-usage-innovation-respect-de-lenvironnement-durabilite\/"},"modified":"2025-11-17T13:00:25","modified_gmt":"2025-11-17T13:00:25","slug":"nouvelle-usine-de-recyclage-et-de-valorisation-du-sel-usage-innovation-respect-de-lenvironnement-durabilite","status":"publish","type":"post","link":"https:\/\/thesustainabilityofsandaniele.eu\/fr\/nouvelle-usine-de-recyclage-et-de-valorisation-du-sel-usage-innovation-respect-de-lenvironnement-durabilite\/","title":{"rendered":"Nouvelle installation pour le recyclage et la valorisation du sel r\u00e9siduel"},"content":{"rendered":"\n<div class=\"wp-block-group is-layout-flow wp-block-group-is-layout-flow\" style=\"padding-top:0;padding-right:0;padding-bottom:0;padding-left:0\">\n<p>Un projet d&rsquo;\u00e9conomie circulaire qui consolide encore davantage le programme dedurabilit\u00e9 du secteur du Prosciutto di San Daniele DOP.<\/p>\n\n\n\n<p>La nouvelle installation de r\u00e9cup\u00e9ration et de valorisation des d\u00e9chets salins issus de la production du Prosciutto di San Daniele DOP a \u00e9t\u00e9 inaugur\u00e9e lundi 23 juin \u00e0 Trasaghis (province d&rsquo;Udine). Promue et r\u00e9alis\u00e9e par le Consortium par l&rsquo;interm\u00e9diaire de sa filiale Promo San Daniele Srl, cette installation repr\u00e9sente l&rsquo;une des actions les plus importantes en mati\u00e8re de durabilit\u00e9 environnementale lanc\u00e9es par le secteur ces derni\u00e8res ann\u00e9es. <\/p>\n\n\n\n<p>En effet, il s&rsquo;agit d&rsquo;une structure unique en son genre au niveau europ\u00e9en, con\u00e7ue pour traiter et r\u00e9g\u00e9n\u00e9rer deux types de d\u00e9chets &#8211; le sel solide usag\u00e9 et la saumure &#8211; en les transformant en produits r\u00e9utilisables dans le domaine du traitement antigel des routes, du tannage des peaux et de l&rsquo;industrie. Tout cela a \u00e9t\u00e9 r\u00e9alis\u00e9 selon un mod\u00e8le d&rsquo;\u00e9conomie circulaire qui r\u00e9duit consid\u00e9rablement les co\u00fbts d&rsquo;\u00e9limination, l&rsquo;impact environnemental et les \u00e9missions de CO\u2082. <\/p>\n\n\n\n<p><strong>Efficience et nouvelles utilisations : une nouvelle installation au service du territoire<\/strong><br\/>La nouvelle installation est situ\u00e9e \u00e0 quelques kilom\u00e8tres du territoire de San Daniele et couvre la totalit\u00e9 des besoins de traitement des trente-et-un producteurs membres du consortium. Elle a \u00e9t\u00e9 con\u00e7ue sur deux lignes de production : une ligne pour le sel solide, active environ deux cents jours par an, et une pour la saumure, op\u00e9rationnelle trois cent cinquante jours par an, vingt-quatre heures sur vingt-quatre. Le sel usag\u00e9 est tamis\u00e9, lav\u00e9, d\u00e9sinfect\u00e9, s\u00e9ch\u00e9 et ensach\u00e9, tandis que la saumure est trait\u00e9e selon une s\u00e9rie d&rsquo;op\u00e9rations physico-chimiques et biologiques qui permettent de la s\u00e9parer en eau propre et en \u00e9l\u00e9ments solides r\u00e9cup\u00e9rables.  <\/p>\n\n\n\n<p>La gestion coordonn\u00e9e du traitement du sel et de la saumure pour les producteurs de San Daniele est assur\u00e9e depuis le d\u00e9but des ann\u00e9es 2000, les mati\u00e8res \u00e0 traiter \u00e9tant confi\u00e9es \u00e0 des installations agr\u00e9\u00e9es situ\u00e9es en dehors de la r\u00e9gion. Gr\u00e2ce \u00e0 la mise en service de la nouvelle installation, le transport des d\u00e9chets salins a \u00e9t\u00e9 compl\u00e8tement \u00e9limin\u00e9 : les camions qui partent de San Daniele del Friuli ne parcourent plus aujourd&rsquo;hui que trente-cinq kilom\u00e8tres aller et retour, soit une r\u00e9duction des distances estim\u00e9e \u00e0 88 % des distances et une diminution cons\u00e9quente de 90 % des \u00e9missions de CO\u2082. <\/p>\n\n\n\n<p>\u00c0 l&rsquo;issue du traitement, le sel r\u00e9g\u00e9n\u00e9r\u00e9, qui ne peut \u00eatre utilis\u00e9 \u00e0 des fins alimentaires, trouve une nouvelle vie dans des applications durables. Gr\u00e2ce \u00e0 ses qualit\u00e9s techniques, il peut \u00eatre utilis\u00e9 comme agent antigel pour les routes et autoroutes r\u00e9gionales ou dans le tannage des peaux, ce qui lui conf\u00e8re une seconde vie dans le secteur industriel. Avec cette nouvelle initiative, le Consortium confirme son engagement en faveur des principes de l&rsquo;\u00e9conomie circulaire, en transformant le seul r\u00e9sidu de fabrication en une ressource utile et en contribuant concr\u00e8tement \u00e0 la r\u00e9duction des d\u00e9chets.  <\/p>\n\n\n\n<p><strong>\u00c9nergie, impact et perspective : un projet int\u00e9gr\u00e9<\/strong><br\/>Du point de vue \u00e9nerg\u00e9tique, l&rsquo;installation est \u00e9quip\u00e9e d&rsquo;un syst\u00e8me de cog\u00e9n\u00e9ration qui couvre 97 % des besoins en \u00e9lectricit\u00e9 et 49 % des besoins en chaleur, am\u00e9liorant ainsi encore l&rsquo;efficacit\u00e9 et r\u00e9duisant la consommation d&rsquo;\u00e9nergie. L&rsquo;aspect paysager et environnemental a \u00e9galement \u00e9t\u00e9 soigneusement \u00e9valu\u00e9 lors de la phase d&rsquo;autorisation, ce qui a permis d&rsquo;obtenir une classification d&rsquo;impact \u00ab n\u00e9gligeable \u00bb pour toutes les variables principales. <\/p>\n\n\n\n<p>Le projet, dont les \u00e9tudes pr\u00e9liminaires ont d\u00e9but\u00e9 en 2021, a obtenu le feu vert d\u00e9finitif en 2024 et a n\u00e9cessit\u00e9 des centaines d&rsquo;heures de conception technique et plus d&rsquo;un an de travaux. Son inauguration marque une \u00e9tape fondamentale dans le programme d&rsquo;actions de d\u00e9veloppement durable lanc\u00e9 il y a d\u00e9j\u00e0 plusieurs ann\u00e9es par le secteur li\u00e9 \u00e0 la production du San Daniele DOP. <\/p>\n\n\n\n<p><strong>Engagement ample et structur\u00e9 pour la durabilit\u00e9<\/strong><br\/>Au niveau environnemental, le Consortium intervient \u00e9galement dans la gestion collective de l&rsquo;\u00e9nergie, la gestion des d\u00e9chets, la protection du territoire et des eaux, notamment gr\u00e2ce \u00e0 une station d&rsquo;\u00e9puration des eaux des fabriques de jambon. En ce qui concerne le produit, la tra\u00e7abilit\u00e9 des mati\u00e8res premi\u00e8res et des emballages, la s\u00e9curit\u00e9 alimentaire et la qualit\u00e9 du Prosciutto di San Daniele occupent une place centrale dans le programme de d\u00e9veloppement durable, avec un engagement concret en mati\u00e8re de transparence de la fili\u00e8re et de certification, \u00e9l\u00e9ments fondamentaux pour garantir la fiabilit\u00e9 due au consommateur. En outre, le secteur a toujours accord\u00e9 une attention particuli\u00e8re au territoire de San Daniele del Friuli et \u00e0 la rivi\u00e8re Tagliamento, en travaillant \u00e9galement sur les th\u00e8mes de la formation et de l&rsquo;information, ainsi que sur la valorisation \u00e9conomique et touristique du territoire.   <\/p>\n\n\n\n<p>Avec la nouvelle installation de traitement du sel r\u00e9siduel, le Consorzio Prosciutto di San Daniele franchit une \u00e9tape importante sur la voie d&rsquo;une transformation conjuguant responsabilit\u00e9 et innovation. Le projet d\u00e9montre que m\u00eame un secteur fortement li\u00e9 \u00e0 la tradition peut \u00e9voluer et contribuer activement au changement. Il ne s&rsquo;agit pas d&rsquo;une simple intervention technologique, c&rsquo;est un choix d\u00e9lib\u00e9r\u00e9 visant \u00e0 renforcer le mod\u00e8le de production aboutissant \u00e0 une plus grande durabilit\u00e9 et \u00e0 un plus grand respect du territoire. C&rsquo;est le r\u00e9sultat d&rsquo;un travail de partage, issu de la vision du syst\u00e8me et de l&rsquo;engagement de la cha\u00eene d&rsquo;approvisionnement, qui se traduit aujourd&rsquo;hui par une valeur environnementale et \u00e9conomique pour l&rsquo;ensemble du secteur.   <\/p>\n\n\n\n<p><strong>Una risposta concreta a una sfida operativa e ambientale<\/strong><br\/>La gestione dei residui salini ha rappresentato per anni una criticit\u00e0 logistica ed economica per i produttori del San Daniele. La mancanza di strutture dedicate e l\u2019aumento dei costi di smaltimento hanno reso necessaria una svolta. Il nuovo impianto, pensato per garantire efficienza e continuit\u00e0, permette di trasformare i residui in materiali riutilizzabili, rafforzando la competitivit\u00e0 del comparto. La scelta di collocarlo in un\u2019area gi\u00e0 industrializzata ha inoltre evitato nuovo consumo di suolo, inserendosi in modo coerente nel contesto produttivo regionale. Un\u2019infrastruttura strategica, che migliora la logistica, riduce l\u2019impatto ambientale e rilancia il territorio.     <\/p>\n\n\n\n<p>Pour la R\u00e9gion Frioul-V\u00e9n\u00e9tie Julienne, l&rsquo;installation de Trasaghis repr\u00e9sente un exemple concret et innovant d&rsquo;\u00e9conomie circulaire appliqu\u00e9e au secteur agroalimentaire, cr\u00e9ant ainsi une valeur qui d\u00e9passe les limites du secteur. C&rsquo;est \u00e9galement pour cette raison que le projet a \u00e9t\u00e9 soutenu avec conviction, car il est capable de combiner protection de l&rsquo;environnement, redressement productif et nouvelles perspectives de croissance. Le projet d\u00e9montre que la durabilit\u00e9 n&rsquo;est pas une contrainte, mais un levier de d\u00e9veloppement pour les entreprises et le territoire. Un exemple vertueux de la mani\u00e8re dont l&rsquo;attention port\u00e9e \u00e0 l&rsquo;environnement peut engendrer des b\u00e9n\u00e9fices concrets pour la communaut\u00e9 et l&rsquo;\u00e9conomie locale.   <\/p>\n\n\n\n<p><a href=\"https:\/\/thesustainabilityofsandaniele.eu\/wp-content\/uploads\/2025\/08\/CS-nuovo-impianto-riciclo-sale_FR.pdf\" target=\"_blank\" rel=\"noreferrer noopener\"><em>T\u00e9l\u00e9charger le pdf<\/em><\/a><\/p>\n\n\n\n<figure class=\"wp-block-gallery has-nested-images columns-default is-cropped wp-block-gallery-1 is-layout-flex wp-block-gallery-is-layout-flex\">\n<figure class=\"wp-block-image size-large\"><img loading=\"lazy\" decoding=\"async\" width=\"545\" height=\"307\" data-id=\"2044\" src=\"https:\/\/thesustainabilityofsandaniele.eu\/wp-content\/uploads\/2025\/07\/foto-1-impanto-del-sale.gif\" alt=\"D&#xE9;tail de la nouvelle usine de r&#xE9;cup&#xE9;ration et de valorisation du sel usag&#xE9; &#xE0; Trasaghis (UD)\" class=\"wp-image-2044\"\/><\/figure>\n\n\n\n<figure class=\"wp-block-image size-large\"><img loading=\"lazy\" decoding=\"async\" width=\"545\" height=\"307\" data-id=\"2047\" src=\"https:\/\/thesustainabilityofsandaniele.eu\/wp-content\/uploads\/2025\/07\/foto-2-impanto-del-sale.gif\" alt=\"D&#xE9;tail de la nouvelle usine de r&#xE9;cup&#xE9;ration et de valorisation du sel usag&#xE9; &#xE0; Trasaghis (UD)\" class=\"wp-image-2047\"\/><\/figure>\n\n\n\n<figure class=\"wp-block-image size-large\"><img loading=\"lazy\" decoding=\"async\" width=\"545\" height=\"307\" data-id=\"2029\" src=\"https:\/\/thesustainabilityofsandaniele.eu\/wp-content\/uploads\/2025\/07\/foto-3-impanto-del-sale.gif\" alt=\"D&#xE9;tail de la nouvelle usine de r&#xE9;cup&#xE9;ration et de valorisation du sel usag&#xE9; &#xE0; Trasaghis (UD)\" class=\"wp-image-2029\"\/><\/figure>\n\n\n\n<figure class=\"wp-block-image size-large\"><img loading=\"lazy\" decoding=\"async\" width=\"1024\" height=\"473\" data-id=\"2032\" src=\"https:\/\/thesustainabilityofsandaniele.eu\/wp-content\/uploads\/2025\/07\/foto-4-impanto-del-sale-1024x473.gif\" alt=\"\" class=\"wp-image-2032\" srcset=\"https:\/\/thesustainabilityofsandaniele.eu\/wp-content\/uploads\/2025\/07\/foto-4-impanto-del-sale-1024x473.gif 1024w, https:\/\/thesustainabilityofsandaniele.eu\/wp-content\/uploads\/2025\/07\/foto-4-impanto-del-sale-300x139.gif 300w, https:\/\/thesustainabilityofsandaniele.eu\/wp-content\/uploads\/2025\/07\/foto-4-impanto-del-sale-768x355.gif 768w, https:\/\/thesustainabilityofsandaniele.eu\/wp-content\/uploads\/2025\/07\/foto-4-impanto-del-sale-1536x709.gif 1536w\" sizes=\"auto, (max-width: 1024px) 100vw, 1024px\" \/><\/figure>\n<\/figure>\n\n\n\n<p>Pour en savoir plus, consultez la rubrique <a href=\"https:\/\/thesustainabilityofsandaniele.eu\/fr\/environnement\/\">Environnement<\/a> de notre site. <\/p>\n<\/div>\n","protected":false},"excerpt":{"rendered":"<p>Un projet d&rsquo;\u00e9conomie circulaire qui consolide encore davantage le programme dedurabilit\u00e9 du secteur du Prosciutto di San Daniele DOP. La nouvelle installation de r\u00e9cup\u00e9ration et de valorisation des d\u00e9chets salins issus de la production du Prosciutto di San Daniele DOP a \u00e9t\u00e9 inaugur\u00e9e lundi 23 juin \u00e0 Trasaghis (province d&rsquo;Udine). Promue et r\u00e9alis\u00e9e par le [&hellip;]<\/p>\n","protected":false},"author":2,"featured_media":2036,"comment_status":"closed","ping_status":"closed","sticky":false,"template":"wp-custom-template-news-ed-eventi","format":"standard","meta":{"footnotes":""},"categories":[27],"tags":[],"class_list":["post-2662","post","type-post","status-publish","format-standard","has-post-thumbnail","hentry","category-actualites"],"yoast_head":"<!-- This site is optimized with the Yoast SEO plugin v27.2 - https:\/\/yoast.com\/product\/yoast-seo-wordpress\/ -->\n<title>Nouvelle installation pour le recyclage et la valorisation du sel r\u00e9siduel - La Sostenibilit\u00e0 di San Daniele<\/title>\n<meta name=\"description\" content=\"Nouvelle usine de r\u00e9cup\u00e9ration et de valorisation du sel usag\u00e9: innovation, respect de l&#039;environnement, durabilit\u00e9.\" \/>\n<meta name=\"robots\" content=\"index, follow, max-snippet:-1, max-image-preview:large, max-video-preview:-1\" \/>\n<link rel=\"canonical\" href=\"https:\/\/thesustainabilityofsandaniele.eu\/fr\/nouvelle-usine-de-recyclage-et-de-valorisation-du-sel-usage-innovation-respect-de-lenvironnement-durabilite\/\" \/>\n<meta property=\"og:locale\" content=\"fr_FR\" \/>\n<meta property=\"og:type\" content=\"article\" \/>\n<meta property=\"og:title\" content=\"Nouvelle usine de r\u00e9cup\u00e9ration et de valorisation du sel usag\u00e9\" \/>\n<meta property=\"og:description\" content=\"Nouvelle usine de r\u00e9cup\u00e9ration et de valorisation du sel usag\u00e9: innovation, respect de l&#039;environnement, durabilit\u00e9.\" \/>\n<meta property=\"og:url\" content=\"https:\/\/thesustainabilityofsandaniele.eu\/fr\/nouvelle-usine-de-recyclage-et-de-valorisation-du-sel-usage-innovation-respect-de-lenvironnement-durabilite\/\" \/>\n<meta property=\"og:site_name\" content=\"La Sostenibilit\u00e0 di San Daniele\" \/>\n<meta property=\"article:publisher\" content=\"https:\/\/www.facebook.com\/sandanieledop\/\" \/>\n<meta property=\"article:published_time\" content=\"2025-06-23T10:52:50+00:00\" \/>\n<meta property=\"article:modified_time\" content=\"2025-11-17T13:00:25+00:00\" \/>\n<meta property=\"og:image\" content=\"https:\/\/thesustainabilityofsandaniele.eu\/wp-content\/uploads\/2025\/07\/foto-3-impanto-del-sale.gif\" \/>\n<meta name=\"author\" content=\"AB Comunicazioni\" \/>\n<meta name=\"twitter:card\" content=\"summary_large_image\" \/>\n<meta name=\"twitter:title\" content=\"Nouvelle usine de r\u00e9cup\u00e9ration et de valorisation du sel usag\u00e9\" \/>\n<meta name=\"twitter:description\" content=\"Nouvelle usine de r\u00e9cup\u00e9ration et de valorisation du sel usag\u00e9: innovation, respect de l&#039;environnement, durabilit\u00e9.\" \/>\n<meta name=\"twitter:image\" content=\"https:\/\/thesustainabilityofsandaniele.eu\/wp-content\/uploads\/2025\/07\/foto-3-impanto-del-sale.gif\" \/>\n<meta name=\"twitter:creator\" content=\"@sandanieledop\" \/>\n<meta name=\"twitter:site\" content=\"@sandanieledop\" \/>\n<meta name=\"twitter:label1\" content=\"\u00c9crit par\" \/>\n\t<meta name=\"twitter:data1\" content=\"AB Comunicazioni\" \/>\n\t<meta name=\"twitter:label2\" content=\"Dur\u00e9e de lecture estim\u00e9e\" \/>\n\t<meta name=\"twitter:data2\" content=\"6 minutes\" \/>\n<script type=\"application\/ld+json\" class=\"yoast-schema-graph\">{\"@context\":\"https:\/\/schema.org\",\"@graph\":[{\"@type\":\"Article\",\"@id\":\"https:\/\/thesustainabilityofsandaniele.eu\/fr\/nouvelle-usine-de-recyclage-et-de-valorisation-du-sel-usage-innovation-respect-de-lenvironnement-durabilite\/#article\",\"isPartOf\":{\"@id\":\"https:\/\/thesustainabilityofsandaniele.eu\/fr\/nouvelle-usine-de-recyclage-et-de-valorisation-du-sel-usage-innovation-respect-de-lenvironnement-durabilite\/\"},\"author\":{\"name\":\"AB Comunicazioni\",\"@id\":\"https:\/\/thesustainabilityofsandaniele.eu\/fr\/#\/schema\/person\/a5f09d9b3fde3c2265bd34b79c417b20\"},\"headline\":\"Nouvelle installation pour le recyclage et la valorisation du sel r\u00e9siduel\",\"datePublished\":\"2025-06-23T10:52:50+00:00\",\"dateModified\":\"2025-11-17T13:00:25+00:00\",\"mainEntityOfPage\":{\"@id\":\"https:\/\/thesustainabilityofsandaniele.eu\/fr\/nouvelle-usine-de-recyclage-et-de-valorisation-du-sel-usage-innovation-respect-de-lenvironnement-durabilite\/\"},\"wordCount\":1231,\"publisher\":{\"@id\":\"https:\/\/thesustainabilityofsandaniele.eu\/fr\/#organization\"},\"image\":{\"@id\":\"https:\/\/thesustainabilityofsandaniele.eu\/fr\/nouvelle-usine-de-recyclage-et-de-valorisation-du-sel-usage-innovation-respect-de-lenvironnement-durabilite\/#primaryimage\"},\"thumbnailUrl\":\"https:\/\/thesustainabilityofsandaniele.eu\/wp-content\/uploads\/2025\/07\/NEWS-SALE.gif\",\"articleSection\":[\"Actualit\u00e9s\"],\"inLanguage\":\"fr-FR\"},{\"@type\":\"WebPage\",\"@id\":\"https:\/\/thesustainabilityofsandaniele.eu\/fr\/nouvelle-usine-de-recyclage-et-de-valorisation-du-sel-usage-innovation-respect-de-lenvironnement-durabilite\/\",\"url\":\"https:\/\/thesustainabilityofsandaniele.eu\/fr\/nouvelle-usine-de-recyclage-et-de-valorisation-du-sel-usage-innovation-respect-de-lenvironnement-durabilite\/\",\"name\":\"Nouvelle installation pour le recyclage et la valorisation du sel r\u00e9siduel - La Sostenibilit\u00e0 di San Daniele\",\"isPartOf\":{\"@id\":\"https:\/\/thesustainabilityofsandaniele.eu\/fr\/#website\"},\"primaryImageOfPage\":{\"@id\":\"https:\/\/thesustainabilityofsandaniele.eu\/fr\/nouvelle-usine-de-recyclage-et-de-valorisation-du-sel-usage-innovation-respect-de-lenvironnement-durabilite\/#primaryimage\"},\"image\":{\"@id\":\"https:\/\/thesustainabilityofsandaniele.eu\/fr\/nouvelle-usine-de-recyclage-et-de-valorisation-du-sel-usage-innovation-respect-de-lenvironnement-durabilite\/#primaryimage\"},\"thumbnailUrl\":\"https:\/\/thesustainabilityofsandaniele.eu\/wp-content\/uploads\/2025\/07\/NEWS-SALE.gif\",\"datePublished\":\"2025-06-23T10:52:50+00:00\",\"dateModified\":\"2025-11-17T13:00:25+00:00\",\"description\":\"Nouvelle usine de r\u00e9cup\u00e9ration et de valorisation du sel usag\u00e9: innovation, respect de l'environnement, durabilit\u00e9.\",\"breadcrumb\":{\"@id\":\"https:\/\/thesustainabilityofsandaniele.eu\/fr\/nouvelle-usine-de-recyclage-et-de-valorisation-du-sel-usage-innovation-respect-de-lenvironnement-durabilite\/#breadcrumb\"},\"inLanguage\":\"fr-FR\",\"potentialAction\":[{\"@type\":\"ReadAction\",\"target\":[\"https:\/\/thesustainabilityofsandaniele.eu\/fr\/nouvelle-usine-de-recyclage-et-de-valorisation-du-sel-usage-innovation-respect-de-lenvironnement-durabilite\/\"]}]},{\"@type\":\"ImageObject\",\"inLanguage\":\"fr-FR\",\"@id\":\"https:\/\/thesustainabilityofsandaniele.eu\/fr\/nouvelle-usine-de-recyclage-et-de-valorisation-du-sel-usage-innovation-respect-de-lenvironnement-durabilite\/#primaryimage\",\"url\":\"https:\/\/thesustainabilityofsandaniele.eu\/wp-content\/uploads\/2025\/07\/NEWS-SALE.gif\",\"contentUrl\":\"https:\/\/thesustainabilityofsandaniele.eu\/wp-content\/uploads\/2025\/07\/NEWS-SALE.gif\",\"width\":804,\"height\":492},{\"@type\":\"BreadcrumbList\",\"@id\":\"https:\/\/thesustainabilityofsandaniele.eu\/fr\/nouvelle-usine-de-recyclage-et-de-valorisation-du-sel-usage-innovation-respect-de-lenvironnement-durabilite\/#breadcrumb\",\"itemListElement\":[{\"@type\":\"ListItem\",\"position\":1,\"name\":\"Home\",\"item\":\"https:\/\/thesustainabilityofsandaniele.eu\/fr\/\"},{\"@type\":\"ListItem\",\"position\":2,\"name\":\"Actualit\u00e9s\",\"item\":\"https:\/\/thesustainabilityofsandaniele.eu\/fr\/category\/actualites\/\"},{\"@type\":\"ListItem\",\"position\":3,\"name\":\"Nouvelle installation pour le recyclage et la valorisation du sel r\u00e9siduel\"}]},{\"@type\":\"WebSite\",\"@id\":\"https:\/\/thesustainabilityofsandaniele.eu\/fr\/#website\",\"url\":\"https:\/\/thesustainabilityofsandaniele.eu\/fr\/\",\"name\":\"La Sostenibilit\u00e0 di San Daniele\",\"description\":\"\",\"publisher\":{\"@id\":\"https:\/\/thesustainabilityofsandaniele.eu\/fr\/#organization\"},\"potentialAction\":[{\"@type\":\"SearchAction\",\"target\":{\"@type\":\"EntryPoint\",\"urlTemplate\":\"https:\/\/thesustainabilityofsandaniele.eu\/fr\/?s={search_term_string}\"},\"query-input\":{\"@type\":\"PropertyValueSpecification\",\"valueRequired\":true,\"valueName\":\"search_term_string\"}}],\"inLanguage\":\"fr-FR\"},{\"@type\":\"Organization\",\"@id\":\"https:\/\/thesustainabilityofsandaniele.eu\/fr\/#organization\",\"name\":\"Consorzio del Prosciutto di San Daniele\",\"url\":\"https:\/\/thesustainabilityofsandaniele.eu\/fr\/\",\"logo\":{\"@type\":\"ImageObject\",\"inLanguage\":\"fr-FR\",\"@id\":\"https:\/\/thesustainabilityofsandaniele.eu\/fr\/#\/schema\/logo\/image\/\",\"url\":\"https:\/\/thesustainabilityofsandaniele.eu\/wp-content\/uploads\/2025\/08\/anteprima.jpg\",\"contentUrl\":\"https:\/\/thesustainabilityofsandaniele.eu\/wp-content\/uploads\/2025\/08\/anteprima.jpg\",\"width\":1080,\"height\":750,\"caption\":\"Consorzio del Prosciutto di San Daniele\"},\"image\":{\"@id\":\"https:\/\/thesustainabilityofsandaniele.eu\/fr\/#\/schema\/logo\/image\/\"},\"sameAs\":[\"https:\/\/www.facebook.com\/sandanieledop\/\",\"https:\/\/x.com\/sandanieledop\",\"https:\/\/www.instagram.com\/sandanieledop\/?hl=it\",\"https:\/\/www.youtube.com\/channel\/UCUoQfeObzgINJW4UgiLVPPA\",\"https:\/\/it.pinterest.com\/sandanieledop\/\"]},{\"@type\":\"Person\",\"@id\":\"https:\/\/thesustainabilityofsandaniele.eu\/fr\/#\/schema\/person\/a5f09d9b3fde3c2265bd34b79c417b20\",\"name\":\"AB Comunicazioni\",\"image\":{\"@type\":\"ImageObject\",\"inLanguage\":\"fr-FR\",\"@id\":\"https:\/\/secure.gravatar.com\/avatar\/5dd8e47191c203bd178e67a2719240e71dcf7c36b23df455226b0431a835088c?s=96&d=mm&r=g\",\"url\":\"https:\/\/secure.gravatar.com\/avatar\/5dd8e47191c203bd178e67a2719240e71dcf7c36b23df455226b0431a835088c?s=96&d=mm&r=g\",\"contentUrl\":\"https:\/\/secure.gravatar.com\/avatar\/5dd8e47191c203bd178e67a2719240e71dcf7c36b23df455226b0431a835088c?s=96&d=mm&r=g\",\"caption\":\"AB Comunicazioni\"},\"url\":\"https:\/\/thesustainabilityofsandaniele.eu\/fr\/author\/ab-comunicazioni\/\"}]}<\/script>\n<!-- \/ Yoast SEO plugin. -->","yoast_head_json":{"title":"Nouvelle installation pour le recyclage et la valorisation du sel r\u00e9siduel - La Sostenibilit\u00e0 di San Daniele","description":"Nouvelle usine de r\u00e9cup\u00e9ration et de valorisation du sel usag\u00e9: innovation, respect de l'environnement, durabilit\u00e9.","robots":{"index":"index","follow":"follow","max-snippet":"max-snippet:-1","max-image-preview":"max-image-preview:large","max-video-preview":"max-video-preview:-1"},"canonical":"https:\/\/thesustainabilityofsandaniele.eu\/fr\/nouvelle-usine-de-recyclage-et-de-valorisation-du-sel-usage-innovation-respect-de-lenvironnement-durabilite\/","og_locale":"fr_FR","og_type":"article","og_title":"Nouvelle usine de r\u00e9cup\u00e9ration et de valorisation du sel usag\u00e9","og_description":"Nouvelle usine de r\u00e9cup\u00e9ration et de valorisation du sel usag\u00e9: innovation, respect de l'environnement, durabilit\u00e9.","og_url":"https:\/\/thesustainabilityofsandaniele.eu\/fr\/nouvelle-usine-de-recyclage-et-de-valorisation-du-sel-usage-innovation-respect-de-lenvironnement-durabilite\/","og_site_name":"La Sostenibilit\u00e0 di San Daniele","article_publisher":"https:\/\/www.facebook.com\/sandanieledop\/","article_published_time":"2025-06-23T10:52:50+00:00","article_modified_time":"2025-11-17T13:00:25+00:00","og_image":[{"url":"https:\/\/thesustainabilityofsandaniele.eu\/wp-content\/uploads\/2025\/07\/foto-3-impanto-del-sale.gif","type":"","width":"","height":""}],"author":"AB Comunicazioni","twitter_card":"summary_large_image","twitter_title":"Nouvelle usine de r\u00e9cup\u00e9ration et de valorisation du sel usag\u00e9","twitter_description":"Nouvelle usine de r\u00e9cup\u00e9ration et de valorisation du sel usag\u00e9: innovation, respect de l'environnement, durabilit\u00e9.","twitter_image":"https:\/\/thesustainabilityofsandaniele.eu\/wp-content\/uploads\/2025\/07\/foto-3-impanto-del-sale.gif","twitter_creator":"@sandanieledop","twitter_site":"@sandanieledop","twitter_misc":{"\u00c9crit par":"AB Comunicazioni","Dur\u00e9e de lecture estim\u00e9e":"6 minutes"},"schema":{"@context":"https:\/\/schema.org","@graph":[{"@type":"Article","@id":"https:\/\/thesustainabilityofsandaniele.eu\/fr\/nouvelle-usine-de-recyclage-et-de-valorisation-du-sel-usage-innovation-respect-de-lenvironnement-durabilite\/#article","isPartOf":{"@id":"https:\/\/thesustainabilityofsandaniele.eu\/fr\/nouvelle-usine-de-recyclage-et-de-valorisation-du-sel-usage-innovation-respect-de-lenvironnement-durabilite\/"},"author":{"name":"AB Comunicazioni","@id":"https:\/\/thesustainabilityofsandaniele.eu\/fr\/#\/schema\/person\/a5f09d9b3fde3c2265bd34b79c417b20"},"headline":"Nouvelle installation pour le recyclage et la valorisation du sel r\u00e9siduel","datePublished":"2025-06-23T10:52:50+00:00","dateModified":"2025-11-17T13:00:25+00:00","mainEntityOfPage":{"@id":"https:\/\/thesustainabilityofsandaniele.eu\/fr\/nouvelle-usine-de-recyclage-et-de-valorisation-du-sel-usage-innovation-respect-de-lenvironnement-durabilite\/"},"wordCount":1231,"publisher":{"@id":"https:\/\/thesustainabilityofsandaniele.eu\/fr\/#organization"},"image":{"@id":"https:\/\/thesustainabilityofsandaniele.eu\/fr\/nouvelle-usine-de-recyclage-et-de-valorisation-du-sel-usage-innovation-respect-de-lenvironnement-durabilite\/#primaryimage"},"thumbnailUrl":"https:\/\/thesustainabilityofsandaniele.eu\/wp-content\/uploads\/2025\/07\/NEWS-SALE.gif","articleSection":["Actualit\u00e9s"],"inLanguage":"fr-FR"},{"@type":"WebPage","@id":"https:\/\/thesustainabilityofsandaniele.eu\/fr\/nouvelle-usine-de-recyclage-et-de-valorisation-du-sel-usage-innovation-respect-de-lenvironnement-durabilite\/","url":"https:\/\/thesustainabilityofsandaniele.eu\/fr\/nouvelle-usine-de-recyclage-et-de-valorisation-du-sel-usage-innovation-respect-de-lenvironnement-durabilite\/","name":"Nouvelle installation pour le recyclage et la valorisation du sel r\u00e9siduel - La Sostenibilit\u00e0 di San Daniele","isPartOf":{"@id":"https:\/\/thesustainabilityofsandaniele.eu\/fr\/#website"},"primaryImageOfPage":{"@id":"https:\/\/thesustainabilityofsandaniele.eu\/fr\/nouvelle-usine-de-recyclage-et-de-valorisation-du-sel-usage-innovation-respect-de-lenvironnement-durabilite\/#primaryimage"},"image":{"@id":"https:\/\/thesustainabilityofsandaniele.eu\/fr\/nouvelle-usine-de-recyclage-et-de-valorisation-du-sel-usage-innovation-respect-de-lenvironnement-durabilite\/#primaryimage"},"thumbnailUrl":"https:\/\/thesustainabilityofsandaniele.eu\/wp-content\/uploads\/2025\/07\/NEWS-SALE.gif","datePublished":"2025-06-23T10:52:50+00:00","dateModified":"2025-11-17T13:00:25+00:00","description":"Nouvelle usine de r\u00e9cup\u00e9ration et de valorisation du sel usag\u00e9: innovation, respect de l'environnement, durabilit\u00e9.","breadcrumb":{"@id":"https:\/\/thesustainabilityofsandaniele.eu\/fr\/nouvelle-usine-de-recyclage-et-de-valorisation-du-sel-usage-innovation-respect-de-lenvironnement-durabilite\/#breadcrumb"},"inLanguage":"fr-FR","potentialAction":[{"@type":"ReadAction","target":["https:\/\/thesustainabilityofsandaniele.eu\/fr\/nouvelle-usine-de-recyclage-et-de-valorisation-du-sel-usage-innovation-respect-de-lenvironnement-durabilite\/"]}]},{"@type":"ImageObject","inLanguage":"fr-FR","@id":"https:\/\/thesustainabilityofsandaniele.eu\/fr\/nouvelle-usine-de-recyclage-et-de-valorisation-du-sel-usage-innovation-respect-de-lenvironnement-durabilite\/#primaryimage","url":"https:\/\/thesustainabilityofsandaniele.eu\/wp-content\/uploads\/2025\/07\/NEWS-SALE.gif","contentUrl":"https:\/\/thesustainabilityofsandaniele.eu\/wp-content\/uploads\/2025\/07\/NEWS-SALE.gif","width":804,"height":492},{"@type":"BreadcrumbList","@id":"https:\/\/thesustainabilityofsandaniele.eu\/fr\/nouvelle-usine-de-recyclage-et-de-valorisation-du-sel-usage-innovation-respect-de-lenvironnement-durabilite\/#breadcrumb","itemListElement":[{"@type":"ListItem","position":1,"name":"Home","item":"https:\/\/thesustainabilityofsandaniele.eu\/fr\/"},{"@type":"ListItem","position":2,"name":"Actualit\u00e9s","item":"https:\/\/thesustainabilityofsandaniele.eu\/fr\/category\/actualites\/"},{"@type":"ListItem","position":3,"name":"Nouvelle installation pour le recyclage et la valorisation du sel r\u00e9siduel"}]},{"@type":"WebSite","@id":"https:\/\/thesustainabilityofsandaniele.eu\/fr\/#website","url":"https:\/\/thesustainabilityofsandaniele.eu\/fr\/","name":"La Sostenibilit\u00e0 di San Daniele","description":"","publisher":{"@id":"https:\/\/thesustainabilityofsandaniele.eu\/fr\/#organization"},"potentialAction":[{"@type":"SearchAction","target":{"@type":"EntryPoint","urlTemplate":"https:\/\/thesustainabilityofsandaniele.eu\/fr\/?s={search_term_string}"},"query-input":{"@type":"PropertyValueSpecification","valueRequired":true,"valueName":"search_term_string"}}],"inLanguage":"fr-FR"},{"@type":"Organization","@id":"https:\/\/thesustainabilityofsandaniele.eu\/fr\/#organization","name":"Consorzio del Prosciutto di San Daniele","url":"https:\/\/thesustainabilityofsandaniele.eu\/fr\/","logo":{"@type":"ImageObject","inLanguage":"fr-FR","@id":"https:\/\/thesustainabilityofsandaniele.eu\/fr\/#\/schema\/logo\/image\/","url":"https:\/\/thesustainabilityofsandaniele.eu\/wp-content\/uploads\/2025\/08\/anteprima.jpg","contentUrl":"https:\/\/thesustainabilityofsandaniele.eu\/wp-content\/uploads\/2025\/08\/anteprima.jpg","width":1080,"height":750,"caption":"Consorzio del Prosciutto di San Daniele"},"image":{"@id":"https:\/\/thesustainabilityofsandaniele.eu\/fr\/#\/schema\/logo\/image\/"},"sameAs":["https:\/\/www.facebook.com\/sandanieledop\/","https:\/\/x.com\/sandanieledop","https:\/\/www.instagram.com\/sandanieledop\/?hl=it","https:\/\/www.youtube.com\/channel\/UCUoQfeObzgINJW4UgiLVPPA","https:\/\/it.pinterest.com\/sandanieledop\/"]},{"@type":"Person","@id":"https:\/\/thesustainabilityofsandaniele.eu\/fr\/#\/schema\/person\/a5f09d9b3fde3c2265bd34b79c417b20","name":"AB Comunicazioni","image":{"@type":"ImageObject","inLanguage":"fr-FR","@id":"https:\/\/secure.gravatar.com\/avatar\/5dd8e47191c203bd178e67a2719240e71dcf7c36b23df455226b0431a835088c?s=96&d=mm&r=g","url":"https:\/\/secure.gravatar.com\/avatar\/5dd8e47191c203bd178e67a2719240e71dcf7c36b23df455226b0431a835088c?s=96&d=mm&r=g","contentUrl":"https:\/\/secure.gravatar.com\/avatar\/5dd8e47191c203bd178e67a2719240e71dcf7c36b23df455226b0431a835088c?s=96&d=mm&r=g","caption":"AB Comunicazioni"},"url":"https:\/\/thesustainabilityofsandaniele.eu\/fr\/author\/ab-comunicazioni\/"}]}},"_links":{"self":[{"href":"https:\/\/thesustainabilityofsandaniele.eu\/fr\/wp-json\/wp\/v2\/posts\/2662","targetHints":{"allow":["GET"]}}],"collection":[{"href":"https:\/\/thesustainabilityofsandaniele.eu\/fr\/wp-json\/wp\/v2\/posts"}],"about":[{"href":"https:\/\/thesustainabilityofsandaniele.eu\/fr\/wp-json\/wp\/v2\/types\/post"}],"author":[{"embeddable":true,"href":"https:\/\/thesustainabilityofsandaniele.eu\/fr\/wp-json\/wp\/v2\/users\/2"}],"replies":[{"embeddable":true,"href":"https:\/\/thesustainabilityofsandaniele.eu\/fr\/wp-json\/wp\/v2\/comments?post=2662"}],"version-history":[{"count":11,"href":"https:\/\/thesustainabilityofsandaniele.eu\/fr\/wp-json\/wp\/v2\/posts\/2662\/revisions"}],"predecessor-version":[{"id":3274,"href":"https:\/\/thesustainabilityofsandaniele.eu\/fr\/wp-json\/wp\/v2\/posts\/2662\/revisions\/3274"}],"wp:featuredmedia":[{"embeddable":true,"href":"https:\/\/thesustainabilityofsandaniele.eu\/fr\/wp-json\/wp\/v2\/media\/2036"}],"wp:attachment":[{"href":"https:\/\/thesustainabilityofsandaniele.eu\/fr\/wp-json\/wp\/v2\/media?parent=2662"}],"wp:term":[{"taxonomy":"category","embeddable":true,"href":"https:\/\/thesustainabilityofsandaniele.eu\/fr\/wp-json\/wp\/v2\/categories?post=2662"},{"taxonomy":"post_tag","embeddable":true,"href":"https:\/\/thesustainabilityofsandaniele.eu\/fr\/wp-json\/wp\/v2\/tags?post=2662"}],"curies":[{"name":"wp","href":"https:\/\/api.w.org\/{rel}","templated":true}]}}