{"id":3501,"date":"2026-02-16T10:30:00","date_gmt":"2026-02-16T10:30:00","guid":{"rendered":"https:\/\/thesustainabilityofsandaniele.eu\/prosciutto-di-san-daniele-une-valeur-partagee-pour-le-territoire-et-les-personnes\/"},"modified":"2026-02-20T13:57:21","modified_gmt":"2026-02-20T13:57:21","slug":"prosciutto-di-san-daniele-une-valeur-partagee-pour-le-territoire-et-les-personnes","status":"publish","type":"post","link":"https:\/\/thesustainabilityofsandaniele.eu\/fr\/prosciutto-di-san-daniele-une-valeur-partagee-pour-le-territoire-et-les-personnes\/","title":{"rendered":"Prosciutto di San Daniele : une valeur partag\u00e9e pour le territoire et les personnes"},"content":{"rendered":"\n<div class=\"wp-block-group is-layout-flow wp-block-group-is-layout-flow\" style=\"padding-top:0;padding-right:0;padding-bottom:0;padding-left:0\">\n<p style=\"font-style:italic;font-weight:300\"><br\/><em>Formation, tourisme et un impact \u00e9conomique de plus d\u2019un milliard d\u2019euros : les chiffres d&rsquo;un secteur qui g\u00e9n\u00e8re une richesse sociale et culturelle pour la r\u00e9gion Frioul-V\u00e9n\u00e9tie julienne et pour l\u2019Italie.<\/em><\/p>\n\n\n\n<p>Pour le <strong>Consortium du Prosciutto di San Daniele<\/strong>, la durabilit\u00e9 ne se limite pas \u00e0 la protection de l\u2019environnement, mais englobe aussi et surtout la durabilit\u00e9 sociale et \u00e9conomique, un pilier fondamental qui place les personnes et le territoire au centre. Le \u00ab savoir-faire \u00bb, transmis de g\u00e9n\u00e9ration en g\u00e9n\u00e9ration, est en effet consid\u00e9r\u00e9 comme une ressource vivante qui garantit l\u2019identit\u00e9 du produit et sa continuit\u00e9 dans le temps. C&rsquo;est pourquoi le Consortium investit constamment dans des programmes \u00e9ducatifs visant \u00e0 valoriser le capital humain, comme le montrent les donn\u00e9es les plus r\u00e9centes : <strong>650 personnes participent<\/strong> aux activit\u00e9s de formation professionnelle destin\u00e9es aux op\u00e9rateurs du secteur, qui jouent un r\u00f4le essentiel dans le maintien des normes \u00e9lev\u00e9es de l&rsquo;AOP. Cependant l&rsquo;activit\u00e9 \u00e9ducative s&rsquo;\u00e9tend bien au-del\u00e0 des limites des \u00e9tablissements, touchant les professionnels qui commercialisent le produit et le mettent sur les tables : <strong>2 300 professionnels<\/strong> des canaux de distribution, du commerce traditionnel et du secteur HoReCa ont particip\u00e9 \u00e0 des sessions de formation sp\u00e9cifiques, <strong>5 500 consommateurs<\/strong> ont pris part \u00e0 des masterclasses informatives et \u00e0 des ateliers de d\u00e9gustation au cours de l&rsquo;ann\u00e9e 2025.   <\/p>\n\n\n\n<p>Une diffusion capillaire de la culture du produit qui agit comme un puissant attrait vers les lieux de production, transformant les connaissances th\u00e9oriques en exp\u00e9rience directe. Le Prosciutto di San Daniele reste en effet un moteur essentiel pour le tourisme, tant au niveau local que r\u00e9gional. <strong>32 % des visiteurs de San Daniele del Friuli recherchent des exp\u00e9riences li\u00e9es au jambon AOP.<\/strong> Un vif int\u00e9r\u00eat motiv\u00e9 par la recherche de visites guid\u00e9es et de d\u00e9gustations sensorielles guid\u00e9es, auxquelles s&rsquo;ajoutent des activit\u00e9s de restauration dans les nombreux \u00e9tablissements du territoire. Ces int\u00e9r\u00eats g\u00e9n\u00e8rent un flux constant d&rsquo;environ <strong>160 000 touristes chaque ann\u00e9e <\/strong>dans la ville de San Daniele, ce qui cr\u00e9e ainsi un chiffre d&rsquo;affaires direct pour les structures d&rsquo;accueil et les commerces et confirme le r\u00f4le du secteur comme levier fondamental pour l&rsquo;\u00e9conomie locale.   <\/p>\n\n\n\n<p>L\u2019impact du Prosciutto di San Daniele AOP va toutefois bien au-del\u00e0 de la production et du tourisme, puisqu&rsquo;il constitue un atout strat\u00e9gique mesurable. Selon les donn\u00e9es \u00e9labor\u00e9es par <strong>The European House \u2013 Ambrosetti<\/strong>, le syst\u00e8me San Daniele est en mesure de g\u00e9n\u00e9rer une valeur partag\u00e9e significative. Avec un chiffre d\u2019affaires \u00e0 la production de 360 millions d\u2019euros, le secteur g\u00e9n\u00e8re un effet de levier significatif : pour chaque euro de chiffre d&rsquo;affaires g\u00e9n\u00e9r\u00e9, <strong>2,2 euros suppl\u00e9mentaires<\/strong> sont activ\u00e9s dans l&rsquo;ensemble de l&rsquo;\u00e9conomie. Le secteur du San Daniele est donc capable de g\u00e9n\u00e9rer un impact \u00e9conomique total d\u00e9passant <strong>1,15 milliards d\u2019euros<\/strong>. Une richesse qui se r\u00e9percute directement sur le territoire, en soutenant l&#8217;emploi, les fili\u00e8res et en contribuant au d\u00e9veloppement du syst\u00e8me national, preuve que l&rsquo;\u00e9conomie AOP repr\u00e9sente un levier indispensable pour la comp\u00e9titivit\u00e9 italienne. Le San Daniele fait en effet partie int\u00e9grante d&rsquo;un syst\u00e8me AOP national qui, en 2024, a d\u00e9pass\u00e9 les <strong>20,7 milliards d\u2019euros de valeur<\/strong> : le secteur contribue de mani\u00e8re significative \u00e0 ce r\u00e9sultat, en soutenant les fili\u00e8res et les territoires d&rsquo;origine des produits.     <\/p>\n\n\n\n<p><em>\u00ab Le Prosciutto di San Daniele est n\u00e9 gr\u00e2ce aux gens et pour les gens \u00bb \u2013 d\u00e9clare<\/em> <strong><em>Mario Emilio Cichetti<\/em><\/strong><em>, directeur g\u00e9n\u00e9ral du Consortium. \u00ab Les chiffres relatifs aux activit\u00e9s de formation et aux retomb\u00e9es touristiques d\u00e9montrent que notre produit est un produit alimentaire d&rsquo;excellence et un \u00e9cosyst\u00e8me cr\u00e9ateur de valeur, fond\u00e9 sur un  <\/em><strong><em>syst\u00e8me de durabilit\u00e9 <\/em><\/strong><em>qui met en relation le capital humain, le territoire et la fili\u00e8re de production. G\u00e9n\u00e9rer de la richesse pour le territoire signifie soutenir la communaut\u00e9 qui pr\u00e9serve notre tradition, garantir un avenir au savoir-faire et maintenir vivant le tissu socio-\u00e9conomique dans lequel nous op\u00e9rons,  <\/em><strong><em>conform\u00e9ment \u00e0 un mod\u00e8le d&rsquo;excellence reconnu au niveau europ\u00e9en.<\/em><\/strong> <em>\u00bb<\/em><\/p>\n\n\n\n<figure class=\"wp-block-image aligncenter size-full\"><img loading=\"lazy\" decoding=\"async\" width=\"804\" height=\"492\" src=\"https:\/\/thesustainabilityofsandaniele.eu\/wp-content\/uploads\/2026\/02\/foto-comunicato.jpg\" alt=\"Prosciutto di San Daniele: un valore condiviso per il territorio e le persone\" class=\"wp-image-3486\" srcset=\"https:\/\/thesustainabilityofsandaniele.eu\/wp-content\/uploads\/2026\/02\/foto-comunicato.jpg 804w, https:\/\/thesustainabilityofsandaniele.eu\/wp-content\/uploads\/2026\/02\/foto-comunicato-300x184.jpg 300w, https:\/\/thesustainabilityofsandaniele.eu\/wp-content\/uploads\/2026\/02\/foto-comunicato-768x470.jpg 768w\" sizes=\"auto, (max-width: 804px) 100vw, 804px\" \/><\/figure>\n\n\n\n<p class=\"has-text-align-center\"><a href=\"https:\/\/thesustainabilityofsandaniele.eu\/wp-content\/uploads\/2026\/02\/SOSD_WP2_PressRelease-4-2025-26_ValoreTerritorio-e-persone_FR.pdf\" target=\"_blank\" rel=\"noreferrer noopener\">T\u00e9l\u00e9charger le communiqu\u00e9 de presse au format pdf<\/a><\/p>\n<\/div>\n","protected":false},"excerpt":{"rendered":"<p>Formation, tourisme et un impact \u00e9conomique de plus d\u2019un milliard d\u2019euros : les chiffres d&rsquo;un secteur qui g\u00e9n\u00e8re une richesse sociale et culturelle pour la r\u00e9gion Frioul-V\u00e9n\u00e9tie julienne et pour l\u2019Italie. Pour le Consortium du Prosciutto di San Daniele, la durabilit\u00e9 ne se limite pas \u00e0 la protection de l\u2019environnement, mais englobe aussi et surtout [&hellip;]<\/p>\n","protected":false},"author":2,"featured_media":3487,"comment_status":"closed","ping_status":"closed","sticky":false,"template":"wp-custom-template-news-ed-eventi","format":"standard","meta":{"footnotes":""},"categories":[27],"tags":[],"class_list":["post-3501","post","type-post","status-publish","format-standard","has-post-thumbnail","hentry","category-actualites"],"yoast_head":"<!-- This site is optimized with the Yoast SEO plugin v27.2 - https:\/\/yoast.com\/product\/yoast-seo-wordpress\/ -->\n<title>Prosciutto di San Daniele : une valeur partag\u00e9e pour le territoire et les personnes - La Sostenibilit\u00e0 di San Daniele<\/title>\n<meta name=\"description\" content=\"Formation, tourisme et retomb\u00e9es \u00e9conomiques : un secteur qui g\u00e9n\u00e8re une richesse sociale et culturelle pour la r\u00e9gion Frioul-V\u00e9n\u00e9tie Julienne et pour le pays.\" \/>\n<meta name=\"robots\" content=\"index, follow, max-snippet:-1, max-image-preview:large, max-video-preview:-1\" \/>\n<link rel=\"canonical\" href=\"https:\/\/thesustainabilityofsandaniele.eu\/fr\/prosciutto-di-san-daniele-une-valeur-partagee-pour-le-territoire-et-les-personnes\/\" \/>\n<meta property=\"og:locale\" content=\"fr_FR\" \/>\n<meta property=\"og:type\" content=\"article\" \/>\n<meta property=\"og:title\" content=\"Prosciutto di San Daniele : une valeur partag\u00e9e pour le territoire et les personnes\" \/>\n<meta property=\"og:description\" content=\"Formation, tourisme et retomb\u00e9es \u00e9conomiques : un secteur qui g\u00e9n\u00e8re une richesse sociale et culturelle pour la r\u00e9gion Frioul-V\u00e9n\u00e9tie Julienne et pour le pays.\" \/>\n<meta property=\"og:url\" content=\"https:\/\/thesustainabilityofsandaniele.eu\/fr\/prosciutto-di-san-daniele-une-valeur-partagee-pour-le-territoire-et-les-personnes\/\" \/>\n<meta property=\"og:site_name\" content=\"La Sostenibilit\u00e0 di San Daniele\" \/>\n<meta property=\"article:publisher\" content=\"https:\/\/www.facebook.com\/sandanieledop\/\" \/>\n<meta property=\"article:published_time\" content=\"2026-02-16T10:30:00+00:00\" \/>\n<meta property=\"article:modified_time\" content=\"2026-02-20T13:57:21+00:00\" \/>\n<meta property=\"og:image\" content=\"https:\/\/thesustainabilityofsandaniele.eu\/wp-content\/uploads\/2026\/02\/foto-comunicato.jpg\" \/>\n<meta name=\"author\" content=\"AB Comunicazioni\" \/>\n<meta name=\"twitter:card\" content=\"summary_large_image\" \/>\n<meta name=\"twitter:title\" content=\"Prosciutto di San Daniele : une valeur partag\u00e9e pour le territoire et les personnes\" \/>\n<meta name=\"twitter:description\" content=\"Formation, tourisme et retomb\u00e9es \u00e9conomiques : un secteur qui g\u00e9n\u00e8re une richesse sociale et culturelle pour la r\u00e9gion Frioul-V\u00e9n\u00e9tie Julienne et pour le pays.\" \/>\n<meta name=\"twitter:image\" content=\"https:\/\/thesustainabilityofsandaniele.eu\/wp-content\/uploads\/2026\/02\/foto-comunicato.jpg\" \/>\n<meta name=\"twitter:creator\" content=\"@sandanieledop\" \/>\n<meta name=\"twitter:site\" content=\"@sandanieledop\" \/>\n<meta name=\"twitter:label1\" content=\"\u00c9crit par\" \/>\n\t<meta name=\"twitter:data1\" content=\"AB Comunicazioni\" \/>\n\t<meta name=\"twitter:label2\" content=\"Dur\u00e9e de lecture estim\u00e9e\" \/>\n\t<meta name=\"twitter:data2\" content=\"4 minutes\" \/>\n<script type=\"application\/ld+json\" class=\"yoast-schema-graph\">{\"@context\":\"https:\/\/schema.org\",\"@graph\":[{\"@type\":\"Article\",\"@id\":\"https:\/\/thesustainabilityofsandaniele.eu\/fr\/prosciutto-di-san-daniele-une-valeur-partagee-pour-le-territoire-et-les-personnes\/#article\",\"isPartOf\":{\"@id\":\"https:\/\/thesustainabilityofsandaniele.eu\/fr\/prosciutto-di-san-daniele-une-valeur-partagee-pour-le-territoire-et-les-personnes\/\"},\"author\":{\"name\":\"AB Comunicazioni\",\"@id\":\"https:\/\/thesustainabilityofsandaniele.eu\/fr\/#\/schema\/person\/a5f09d9b3fde3c2265bd34b79c417b20\"},\"headline\":\"Prosciutto di San Daniele : une valeur partag\u00e9e pour le territoire et les personnes\",\"datePublished\":\"2026-02-16T10:30:00+00:00\",\"dateModified\":\"2026-02-20T13:57:21+00:00\",\"mainEntityOfPage\":{\"@id\":\"https:\/\/thesustainabilityofsandaniele.eu\/fr\/prosciutto-di-san-daniele-une-valeur-partagee-pour-le-territoire-et-les-personnes\/\"},\"wordCount\":745,\"publisher\":{\"@id\":\"https:\/\/thesustainabilityofsandaniele.eu\/fr\/#organization\"},\"image\":{\"@id\":\"https:\/\/thesustainabilityofsandaniele.eu\/fr\/prosciutto-di-san-daniele-une-valeur-partagee-pour-le-territoire-et-les-personnes\/#primaryimage\"},\"thumbnailUrl\":\"https:\/\/thesustainabilityofsandaniele.eu\/wp-content\/uploads\/2026\/02\/foto-comunicato.jpg\",\"articleSection\":[\"Actualit\u00e9s\"],\"inLanguage\":\"fr-FR\"},{\"@type\":\"WebPage\",\"@id\":\"https:\/\/thesustainabilityofsandaniele.eu\/fr\/prosciutto-di-san-daniele-une-valeur-partagee-pour-le-territoire-et-les-personnes\/\",\"url\":\"https:\/\/thesustainabilityofsandaniele.eu\/fr\/prosciutto-di-san-daniele-une-valeur-partagee-pour-le-territoire-et-les-personnes\/\",\"name\":\"Prosciutto di San Daniele : une valeur partag\u00e9e pour le territoire et les personnes - La Sostenibilit\u00e0 di San Daniele\",\"isPartOf\":{\"@id\":\"https:\/\/thesustainabilityofsandaniele.eu\/fr\/#website\"},\"primaryImageOfPage\":{\"@id\":\"https:\/\/thesustainabilityofsandaniele.eu\/fr\/prosciutto-di-san-daniele-une-valeur-partagee-pour-le-territoire-et-les-personnes\/#primaryimage\"},\"image\":{\"@id\":\"https:\/\/thesustainabilityofsandaniele.eu\/fr\/prosciutto-di-san-daniele-une-valeur-partagee-pour-le-territoire-et-les-personnes\/#primaryimage\"},\"thumbnailUrl\":\"https:\/\/thesustainabilityofsandaniele.eu\/wp-content\/uploads\/2026\/02\/foto-comunicato.jpg\",\"datePublished\":\"2026-02-16T10:30:00+00:00\",\"dateModified\":\"2026-02-20T13:57:21+00:00\",\"description\":\"Formation, tourisme et retomb\u00e9es \u00e9conomiques : un secteur qui g\u00e9n\u00e8re une richesse sociale et culturelle pour la r\u00e9gion Frioul-V\u00e9n\u00e9tie Julienne et pour le pays.\",\"breadcrumb\":{\"@id\":\"https:\/\/thesustainabilityofsandaniele.eu\/fr\/prosciutto-di-san-daniele-une-valeur-partagee-pour-le-territoire-et-les-personnes\/#breadcrumb\"},\"inLanguage\":\"fr-FR\",\"potentialAction\":[{\"@type\":\"ReadAction\",\"target\":[\"https:\/\/thesustainabilityofsandaniele.eu\/fr\/prosciutto-di-san-daniele-une-valeur-partagee-pour-le-territoire-et-les-personnes\/\"]}]},{\"@type\":\"ImageObject\",\"inLanguage\":\"fr-FR\",\"@id\":\"https:\/\/thesustainabilityofsandaniele.eu\/fr\/prosciutto-di-san-daniele-une-valeur-partagee-pour-le-territoire-et-les-personnes\/#primaryimage\",\"url\":\"https:\/\/thesustainabilityofsandaniele.eu\/wp-content\/uploads\/2026\/02\/foto-comunicato.jpg\",\"contentUrl\":\"https:\/\/thesustainabilityofsandaniele.eu\/wp-content\/uploads\/2026\/02\/foto-comunicato.jpg\",\"width\":804,\"height\":492,\"caption\":\"Prosciutto di San Daniele: un valore condiviso per il territorio e le persone\"},{\"@type\":\"BreadcrumbList\",\"@id\":\"https:\/\/thesustainabilityofsandaniele.eu\/fr\/prosciutto-di-san-daniele-une-valeur-partagee-pour-le-territoire-et-les-personnes\/#breadcrumb\",\"itemListElement\":[{\"@type\":\"ListItem\",\"position\":1,\"name\":\"Home\",\"item\":\"https:\/\/thesustainabilityofsandaniele.eu\/fr\/\"},{\"@type\":\"ListItem\",\"position\":2,\"name\":\"Actualit\u00e9s\",\"item\":\"https:\/\/thesustainabilityofsandaniele.eu\/fr\/category\/actualites\/\"},{\"@type\":\"ListItem\",\"position\":3,\"name\":\"Prosciutto di San Daniele : une valeur partag\u00e9e pour le territoire et les personnes\"}]},{\"@type\":\"WebSite\",\"@id\":\"https:\/\/thesustainabilityofsandaniele.eu\/fr\/#website\",\"url\":\"https:\/\/thesustainabilityofsandaniele.eu\/fr\/\",\"name\":\"La Sostenibilit\u00e0 di San Daniele\",\"description\":\"\",\"publisher\":{\"@id\":\"https:\/\/thesustainabilityofsandaniele.eu\/fr\/#organization\"},\"potentialAction\":[{\"@type\":\"SearchAction\",\"target\":{\"@type\":\"EntryPoint\",\"urlTemplate\":\"https:\/\/thesustainabilityofsandaniele.eu\/fr\/?s={search_term_string}\"},\"query-input\":{\"@type\":\"PropertyValueSpecification\",\"valueRequired\":true,\"valueName\":\"search_term_string\"}}],\"inLanguage\":\"fr-FR\"},{\"@type\":\"Organization\",\"@id\":\"https:\/\/thesustainabilityofsandaniele.eu\/fr\/#organization\",\"name\":\"Consorzio del Prosciutto di San Daniele\",\"url\":\"https:\/\/thesustainabilityofsandaniele.eu\/fr\/\",\"logo\":{\"@type\":\"ImageObject\",\"inLanguage\":\"fr-FR\",\"@id\":\"https:\/\/thesustainabilityofsandaniele.eu\/fr\/#\/schema\/logo\/image\/\",\"url\":\"https:\/\/thesustainabilityofsandaniele.eu\/wp-content\/uploads\/2025\/08\/anteprima.jpg\",\"contentUrl\":\"https:\/\/thesustainabilityofsandaniele.eu\/wp-content\/uploads\/2025\/08\/anteprima.jpg\",\"width\":1080,\"height\":750,\"caption\":\"Consorzio del Prosciutto di San Daniele\"},\"image\":{\"@id\":\"https:\/\/thesustainabilityofsandaniele.eu\/fr\/#\/schema\/logo\/image\/\"},\"sameAs\":[\"https:\/\/www.facebook.com\/sandanieledop\/\",\"https:\/\/x.com\/sandanieledop\",\"https:\/\/www.instagram.com\/sandanieledop\/?hl=it\",\"https:\/\/www.youtube.com\/channel\/UCUoQfeObzgINJW4UgiLVPPA\",\"https:\/\/it.pinterest.com\/sandanieledop\/\"]},{\"@type\":\"Person\",\"@id\":\"https:\/\/thesustainabilityofsandaniele.eu\/fr\/#\/schema\/person\/a5f09d9b3fde3c2265bd34b79c417b20\",\"name\":\"AB Comunicazioni\",\"image\":{\"@type\":\"ImageObject\",\"inLanguage\":\"fr-FR\",\"@id\":\"https:\/\/secure.gravatar.com\/avatar\/5dd8e47191c203bd178e67a2719240e71dcf7c36b23df455226b0431a835088c?s=96&d=mm&r=g\",\"url\":\"https:\/\/secure.gravatar.com\/avatar\/5dd8e47191c203bd178e67a2719240e71dcf7c36b23df455226b0431a835088c?s=96&d=mm&r=g\",\"contentUrl\":\"https:\/\/secure.gravatar.com\/avatar\/5dd8e47191c203bd178e67a2719240e71dcf7c36b23df455226b0431a835088c?s=96&d=mm&r=g\",\"caption\":\"AB Comunicazioni\"},\"url\":\"https:\/\/thesustainabilityofsandaniele.eu\/fr\/author\/ab-comunicazioni\/\"}]}<\/script>\n<!-- \/ Yoast SEO plugin. -->","yoast_head_json":{"title":"Prosciutto di San Daniele : une valeur partag\u00e9e pour le territoire et les personnes - La Sostenibilit\u00e0 di San Daniele","description":"Formation, tourisme et retomb\u00e9es \u00e9conomiques : un secteur qui g\u00e9n\u00e8re une richesse sociale et culturelle pour la r\u00e9gion Frioul-V\u00e9n\u00e9tie Julienne et pour le pays.","robots":{"index":"index","follow":"follow","max-snippet":"max-snippet:-1","max-image-preview":"max-image-preview:large","max-video-preview":"max-video-preview:-1"},"canonical":"https:\/\/thesustainabilityofsandaniele.eu\/fr\/prosciutto-di-san-daniele-une-valeur-partagee-pour-le-territoire-et-les-personnes\/","og_locale":"fr_FR","og_type":"article","og_title":"Prosciutto di San Daniele : une valeur partag\u00e9e pour le territoire et les personnes","og_description":"Formation, tourisme et retomb\u00e9es \u00e9conomiques : un secteur qui g\u00e9n\u00e8re une richesse sociale et culturelle pour la r\u00e9gion Frioul-V\u00e9n\u00e9tie Julienne et pour le pays.","og_url":"https:\/\/thesustainabilityofsandaniele.eu\/fr\/prosciutto-di-san-daniele-une-valeur-partagee-pour-le-territoire-et-les-personnes\/","og_site_name":"La Sostenibilit\u00e0 di San Daniele","article_publisher":"https:\/\/www.facebook.com\/sandanieledop\/","article_published_time":"2026-02-16T10:30:00+00:00","article_modified_time":"2026-02-20T13:57:21+00:00","og_image":[{"url":"https:\/\/thesustainabilityofsandaniele.eu\/wp-content\/uploads\/2026\/02\/foto-comunicato.jpg","type":"","width":"","height":""}],"author":"AB Comunicazioni","twitter_card":"summary_large_image","twitter_title":"Prosciutto di San Daniele : une valeur partag\u00e9e pour le territoire et les personnes","twitter_description":"Formation, tourisme et retomb\u00e9es \u00e9conomiques : un secteur qui g\u00e9n\u00e8re une richesse sociale et culturelle pour la r\u00e9gion Frioul-V\u00e9n\u00e9tie Julienne et pour le pays.","twitter_image":"https:\/\/thesustainabilityofsandaniele.eu\/wp-content\/uploads\/2026\/02\/foto-comunicato.jpg","twitter_creator":"@sandanieledop","twitter_site":"@sandanieledop","twitter_misc":{"\u00c9crit par":"AB Comunicazioni","Dur\u00e9e de lecture estim\u00e9e":"4 minutes"},"schema":{"@context":"https:\/\/schema.org","@graph":[{"@type":"Article","@id":"https:\/\/thesustainabilityofsandaniele.eu\/fr\/prosciutto-di-san-daniele-une-valeur-partagee-pour-le-territoire-et-les-personnes\/#article","isPartOf":{"@id":"https:\/\/thesustainabilityofsandaniele.eu\/fr\/prosciutto-di-san-daniele-une-valeur-partagee-pour-le-territoire-et-les-personnes\/"},"author":{"name":"AB Comunicazioni","@id":"https:\/\/thesustainabilityofsandaniele.eu\/fr\/#\/schema\/person\/a5f09d9b3fde3c2265bd34b79c417b20"},"headline":"Prosciutto di San Daniele : une valeur partag\u00e9e pour le territoire et les personnes","datePublished":"2026-02-16T10:30:00+00:00","dateModified":"2026-02-20T13:57:21+00:00","mainEntityOfPage":{"@id":"https:\/\/thesustainabilityofsandaniele.eu\/fr\/prosciutto-di-san-daniele-une-valeur-partagee-pour-le-territoire-et-les-personnes\/"},"wordCount":745,"publisher":{"@id":"https:\/\/thesustainabilityofsandaniele.eu\/fr\/#organization"},"image":{"@id":"https:\/\/thesustainabilityofsandaniele.eu\/fr\/prosciutto-di-san-daniele-une-valeur-partagee-pour-le-territoire-et-les-personnes\/#primaryimage"},"thumbnailUrl":"https:\/\/thesustainabilityofsandaniele.eu\/wp-content\/uploads\/2026\/02\/foto-comunicato.jpg","articleSection":["Actualit\u00e9s"],"inLanguage":"fr-FR"},{"@type":"WebPage","@id":"https:\/\/thesustainabilityofsandaniele.eu\/fr\/prosciutto-di-san-daniele-une-valeur-partagee-pour-le-territoire-et-les-personnes\/","url":"https:\/\/thesustainabilityofsandaniele.eu\/fr\/prosciutto-di-san-daniele-une-valeur-partagee-pour-le-territoire-et-les-personnes\/","name":"Prosciutto di San Daniele : une valeur partag\u00e9e pour le territoire et les personnes - La Sostenibilit\u00e0 di San Daniele","isPartOf":{"@id":"https:\/\/thesustainabilityofsandaniele.eu\/fr\/#website"},"primaryImageOfPage":{"@id":"https:\/\/thesustainabilityofsandaniele.eu\/fr\/prosciutto-di-san-daniele-une-valeur-partagee-pour-le-territoire-et-les-personnes\/#primaryimage"},"image":{"@id":"https:\/\/thesustainabilityofsandaniele.eu\/fr\/prosciutto-di-san-daniele-une-valeur-partagee-pour-le-territoire-et-les-personnes\/#primaryimage"},"thumbnailUrl":"https:\/\/thesustainabilityofsandaniele.eu\/wp-content\/uploads\/2026\/02\/foto-comunicato.jpg","datePublished":"2026-02-16T10:30:00+00:00","dateModified":"2026-02-20T13:57:21+00:00","description":"Formation, tourisme et retomb\u00e9es \u00e9conomiques : un secteur qui g\u00e9n\u00e8re une richesse sociale et culturelle pour la r\u00e9gion Frioul-V\u00e9n\u00e9tie Julienne et pour le pays.","breadcrumb":{"@id":"https:\/\/thesustainabilityofsandaniele.eu\/fr\/prosciutto-di-san-daniele-une-valeur-partagee-pour-le-territoire-et-les-personnes\/#breadcrumb"},"inLanguage":"fr-FR","potentialAction":[{"@type":"ReadAction","target":["https:\/\/thesustainabilityofsandaniele.eu\/fr\/prosciutto-di-san-daniele-une-valeur-partagee-pour-le-territoire-et-les-personnes\/"]}]},{"@type":"ImageObject","inLanguage":"fr-FR","@id":"https:\/\/thesustainabilityofsandaniele.eu\/fr\/prosciutto-di-san-daniele-une-valeur-partagee-pour-le-territoire-et-les-personnes\/#primaryimage","url":"https:\/\/thesustainabilityofsandaniele.eu\/wp-content\/uploads\/2026\/02\/foto-comunicato.jpg","contentUrl":"https:\/\/thesustainabilityofsandaniele.eu\/wp-content\/uploads\/2026\/02\/foto-comunicato.jpg","width":804,"height":492,"caption":"Prosciutto di San Daniele: un valore condiviso per il territorio e le persone"},{"@type":"BreadcrumbList","@id":"https:\/\/thesustainabilityofsandaniele.eu\/fr\/prosciutto-di-san-daniele-une-valeur-partagee-pour-le-territoire-et-les-personnes\/#breadcrumb","itemListElement":[{"@type":"ListItem","position":1,"name":"Home","item":"https:\/\/thesustainabilityofsandaniele.eu\/fr\/"},{"@type":"ListItem","position":2,"name":"Actualit\u00e9s","item":"https:\/\/thesustainabilityofsandaniele.eu\/fr\/category\/actualites\/"},{"@type":"ListItem","position":3,"name":"Prosciutto di San Daniele : une valeur partag\u00e9e pour le territoire et les personnes"}]},{"@type":"WebSite","@id":"https:\/\/thesustainabilityofsandaniele.eu\/fr\/#website","url":"https:\/\/thesustainabilityofsandaniele.eu\/fr\/","name":"La Sostenibilit\u00e0 di San Daniele","description":"","publisher":{"@id":"https:\/\/thesustainabilityofsandaniele.eu\/fr\/#organization"},"potentialAction":[{"@type":"SearchAction","target":{"@type":"EntryPoint","urlTemplate":"https:\/\/thesustainabilityofsandaniele.eu\/fr\/?s={search_term_string}"},"query-input":{"@type":"PropertyValueSpecification","valueRequired":true,"valueName":"search_term_string"}}],"inLanguage":"fr-FR"},{"@type":"Organization","@id":"https:\/\/thesustainabilityofsandaniele.eu\/fr\/#organization","name":"Consorzio del Prosciutto di San Daniele","url":"https:\/\/thesustainabilityofsandaniele.eu\/fr\/","logo":{"@type":"ImageObject","inLanguage":"fr-FR","@id":"https:\/\/thesustainabilityofsandaniele.eu\/fr\/#\/schema\/logo\/image\/","url":"https:\/\/thesustainabilityofsandaniele.eu\/wp-content\/uploads\/2025\/08\/anteprima.jpg","contentUrl":"https:\/\/thesustainabilityofsandaniele.eu\/wp-content\/uploads\/2025\/08\/anteprima.jpg","width":1080,"height":750,"caption":"Consorzio del Prosciutto di San Daniele"},"image":{"@id":"https:\/\/thesustainabilityofsandaniele.eu\/fr\/#\/schema\/logo\/image\/"},"sameAs":["https:\/\/www.facebook.com\/sandanieledop\/","https:\/\/x.com\/sandanieledop","https:\/\/www.instagram.com\/sandanieledop\/?hl=it","https:\/\/www.youtube.com\/channel\/UCUoQfeObzgINJW4UgiLVPPA","https:\/\/it.pinterest.com\/sandanieledop\/"]},{"@type":"Person","@id":"https:\/\/thesustainabilityofsandaniele.eu\/fr\/#\/schema\/person\/a5f09d9b3fde3c2265bd34b79c417b20","name":"AB Comunicazioni","image":{"@type":"ImageObject","inLanguage":"fr-FR","@id":"https:\/\/secure.gravatar.com\/avatar\/5dd8e47191c203bd178e67a2719240e71dcf7c36b23df455226b0431a835088c?s=96&d=mm&r=g","url":"https:\/\/secure.gravatar.com\/avatar\/5dd8e47191c203bd178e67a2719240e71dcf7c36b23df455226b0431a835088c?s=96&d=mm&r=g","contentUrl":"https:\/\/secure.gravatar.com\/avatar\/5dd8e47191c203bd178e67a2719240e71dcf7c36b23df455226b0431a835088c?s=96&d=mm&r=g","caption":"AB Comunicazioni"},"url":"https:\/\/thesustainabilityofsandaniele.eu\/fr\/author\/ab-comunicazioni\/"}]}},"_links":{"self":[{"href":"https:\/\/thesustainabilityofsandaniele.eu\/fr\/wp-json\/wp\/v2\/posts\/3501","targetHints":{"allow":["GET"]}}],"collection":[{"href":"https:\/\/thesustainabilityofsandaniele.eu\/fr\/wp-json\/wp\/v2\/posts"}],"about":[{"href":"https:\/\/thesustainabilityofsandaniele.eu\/fr\/wp-json\/wp\/v2\/types\/post"}],"author":[{"embeddable":true,"href":"https:\/\/thesustainabilityofsandaniele.eu\/fr\/wp-json\/wp\/v2\/users\/2"}],"replies":[{"embeddable":true,"href":"https:\/\/thesustainabilityofsandaniele.eu\/fr\/wp-json\/wp\/v2\/comments?post=3501"}],"version-history":[{"count":3,"href":"https:\/\/thesustainabilityofsandaniele.eu\/fr\/wp-json\/wp\/v2\/posts\/3501\/revisions"}],"predecessor-version":[{"id":3531,"href":"https:\/\/thesustainabilityofsandaniele.eu\/fr\/wp-json\/wp\/v2\/posts\/3501\/revisions\/3531"}],"wp:featuredmedia":[{"embeddable":true,"href":"https:\/\/thesustainabilityofsandaniele.eu\/fr\/wp-json\/wp\/v2\/media\/3487"}],"wp:attachment":[{"href":"https:\/\/thesustainabilityofsandaniele.eu\/fr\/wp-json\/wp\/v2\/media?parent=3501"}],"wp:term":[{"taxonomy":"category","embeddable":true,"href":"https:\/\/thesustainabilityofsandaniele.eu\/fr\/wp-json\/wp\/v2\/categories?post=3501"},{"taxonomy":"post_tag","embeddable":true,"href":"https:\/\/thesustainabilityofsandaniele.eu\/fr\/wp-json\/wp\/v2\/tags?post=3501"}],"curies":[{"name":"wp","href":"https:\/\/api.w.org\/{rel}","templated":true}]}}